{"id":1009,"date":"2022-11-09T19:59:11","date_gmt":"2022-11-09T17:59:11","guid":{"rendered":"https:\/\/www.yaps.fi\/?p=1009"},"modified":"2022-11-14T12:22:20","modified_gmt":"2022-11-14T10:22:20","slug":"avoin-kirje-kiasman-tukisaation-hallitukselle","status":"publish","type":"post","link":"https:\/\/www.yaps.fi\/en\/avoin-kirje-kiasman-tukisaation-hallitukselle\/","title":{"rendered":"Avoin kirje Kiasman tukis\u00e4\u00e4ti\u00f6n hallitukselle"},"content":{"rendered":"<p align=\"JUSTIFY\"><span style=\"font-size: small; color: #000000;\">9.11.2022<br><\/span><\/p>\n<p align=\"JUSTIFY\"><span style=\"font-size: small; color: #000000;\">Kaksi kuvataiteilijaa vaatii Chaim Zabludowiczin poistamista Kiasman tukis\u00e4\u00e4ti\u00f6n hallituksesta. Vaateen ensisijainen peruste on, ett\u00e4 Israel harjoittaa niin pahaa politiikkaa, ett\u00e4 jopa siihen linkittyvi\u00e4 yksityishenkil\u00f6it\u00e4 tulisi boikotoida. Kuvataiteilijat tuovat tuomittavana esiin, ett\u00e4 Zabludowiczin perustaman tutkimuskeskus BICOM:n julkaisut ovat haastaneet Amnesty Internationalin raporttia, jossa syytet\u00e4\u00e4n Israelia apartheidista, ja ett\u00e4 Zabludowicz on investoinut yhdysvaltalaiseen yhti\u00f6\u00f6n, jonka tuotteita israelilaiset turvallisuuspalvelut ovat k\u00e4ytt\u00e4neet.<\/span><\/p>\n<p align=\"JUSTIFY\"><span style=\"font-size: small; color: #000000;\">Kuvataiteilijoiden mukaan Zabludowiczin l\u00e4sn\u00e4olo tukis\u00e4\u00e4ti\u00f6n hallituksessa rikkoo Kiasman turvallisen tilan politiikkaa. Heid\u00e4n mukaansa ensimm\u00e4inen askel turvallisen tilan ulottamisessa taidemuseon institutionaalisiin rakenteisiin olisi poistaa sinne ep\u00e4sopiva henkil\u00f6. Vaade on absurdi jo siit\u00e4 syyst\u00e4, ettei ket\u00e4\u00e4n muuta vaadita boikotoitavaksi esimerkiksi sill\u00e4 perusteella, ett\u00e4 omistaisi osakkeita yhti\u00f6ss\u00e4, jonka kanssa vaikkapa Kiina asioi. Ehdotetulle puhdistukselle ei olisi loppua eik\u00e4 sellaiselle linjaukselle olisi sijaa demokratiassa. Mik\u00e4 olisi seuraava askel Kiasman kanssa yhteisty\u00f6t\u00e4 tekevien tahojen turvallisuuden parantamiseksi? Ent\u00e4 mik\u00e4 olisi se moraalisilta mielipiteilt\u00e4\u00e4n oikeassa oleva taho, jolla olisi valta p\u00e4\u00e4tt\u00e4\u00e4 henkil\u00f6iden turvallisuudesta?<\/span><\/p>\n<p align=\"JUSTIFY\"><span style=\"font-size: small; color: #000000;\">Her\u00e4tt\u00e4\u00e4 huomiota, ett\u00e4 taiteilijat ovat laatineet vaatimuksensa vain yhdest\u00e4 Kiasmaan kytkeytyv\u00e4st\u00e4 juutalaisesta henkil\u00f6st\u00e4 perusteena h\u00e4nen yhteytens\u00e4 ja suhtautumisensa Israelin valtioon. T\u00e4m\u00e4n lis\u00e4ksi vaateen l\u00e4ht\u00f6kohdat ovat my\u00f6s tietopohjaltaan huterat. Esimerkiksi Ranskan p\u00e4\u00e4ministeri Jean Castex kommentoi Amnestyn raporttia seuraavasti:<\/span><\/p>\n<p><span style=\"color: #000000;\">\u2019 <span style=\"font-size: small;\"><i>How dare anyone speak of apartheid in a state where Arab citizens are represented in the government, in the parliament, in leadership positions and in positions of responsibility, where all citizens, regardless of their religion, have understood that their only hope is peace together.<\/i>\u2019 <a class=\"sdfootnoteanc\" style=\"color: #000000;\" href=\"#sdfootnote1sym\" name=\"sdfootnote1anc\"><sup>1<\/sup><\/a><\/span><\/span><\/p>\n<p align=\"JUSTIFY\"><span style=\"font-size: small; color: #000000;\">Amnestyn helmikuinen raportti v\u00e4litt\u00e4\u00e4 lukijalle v\u00e4\u00e4ristellyn kokonaiskuvan niin Israelin yhteiskunnasta kuin palestiinalaisten ja Israelin v\u00e4lisest\u00e4 konfliktista ja sis\u00e4lt\u00e4\u00e4 r\u00e4ikeit\u00e4 virheit\u00e4. Laadullisten heikkouksien ja poliittisen tendenssin vuoksi raporttia ei voida k\u00e4ytt\u00e4\u00e4 mink\u00e4\u00e4nlaisten johtop\u00e4\u00e4t\u00f6sten tekemiseen, saati perusteena boikotoida henkil\u00f6\u00e4, joka on esitt\u00e4nyt perusteltua kritiikki\u00e4 sit\u00e4 kohtaan.<\/span><\/p>\n<p align=\"JUSTIFY\"><span style=\"color: #000000;\"><span style=\"font-size: small;\">Zabludowicziin kohdistuvan erityiskohtelun vakavuus ymm\u00e4rret\u00e4\u00e4n Kiasmassa varmasti hyvin, mutta haluamme viel\u00e4 jakaa teille <a style=\"color: #000000;\" href=\"https:\/\/www.yaps.fi\/en\/esimerkkeja-ongelmista-amnesty-internationalin-helmikuussa-2022-julkaisemassa-raportissa\/\">liitteess\u00e4<\/a> yksityiskohtaisempaa arviointia siit\u00e4, miten puutteelliseen raporttiin vedoten taiteilijat ovat esitt\u00e4neet ehdotuksensa. Kuka tahansa voi halutessaan lukea raportin l\u00e4hdeviitteineen ja havaita samat asiat, joita k\u00e4sitell\u00e4\u00e4n liitetekstiss\u00e4.<\/span><\/span><\/p>\n<p>Yst\u00e4v\u00e4llisin terveisin ja Zabludowiczin kanssa yhteisty\u00f6t\u00e4 jatkamaan kannustaen,<\/p>\n\n\n<p><strong>Varpu Haavisto<\/strong>, puheenjohtaja, YAPS &#8211; Young Adults for Peace, Justice and Solidarity in the Middle East ry<\/p>\n\n\n\n<p><strong>Kari Teittinen<\/strong>, puheenjohtaja, El\u00e4m\u00e4n marssi ry<\/p>\n\n\n\n<p><strong>John Remes<\/strong>, puheenjohtaja, ICEJ Suomen osasto ry<\/p>\n\n\n\n<p><strong>Risto Auvinen<\/strong>, toiminnanjohtaja, Suomen Karmel-yhdistys ry<\/p>\n\n\n\n<p><strong>Pasi Turunen<\/strong>, toiminnanjohtaja, Patmos L\u00e4hetyss\u00e4\u00e4ti\u00f6<\/p>\n\n\n\n<p><strong>Timo Rauhalammi<\/strong>, puheenjohtaja, Israelin yst\u00e4vyysseura ry<\/p>\n\n\n\n<p><strong>P\u00e4ivi Mishael<\/strong>, puheenjohtaja, WIZO ry<\/p>\n\n\n\n<p><strong>Jarmo Kaksonen<\/strong>, puheenjohtaja, Gesher Hajetsia ry<\/p>\n\n\n\n<p><strong>Ethel Salutskij<\/strong>, puheenjohtaja, Keren Kajemet Finland ry<\/p>\n\n\n\n<p><strong>Ilkka Vakkuri<\/strong>, toiminnanjohtaja, Israelin Yst\u00e4v\u00e4t ry<\/p>\n\n\n\n<p><strong>Risto Huvila<\/strong>, puheenjohtaja, Suomi-Israel Yhdistysten Liitto ry<\/p>\n\n\n\n<p><strong>Tor G. Gull<\/strong>, puheenjohtaja, European Coalition for Israel Finland<\/p>\n\n\n\n<p><\/p>\n\n\n<p><a href=\"#sdfootnote1anc\">1<\/a>https:\/\/www.algemeiner.com\/2022\/02\/25\/french-prime-minister-denounces-apartheid-labeling-of-israel-in-address-to-jewish-community\/<\/p>\n<p>\u00a0<\/p>","protected":false},"excerpt":{"rendered":"<p>9.11.2022 Kaksi kuvataiteilijaa vaatii Chaim Zabludowiczin poistamista Kiasman tukis\u00e4\u00e4ti\u00f6n hallituksesta. Vaateen ensisijainen peruste on, ett\u00e4 Israel harjoittaa niin pahaa politiikkaa, ett\u00e4 jopa siihen linkittyvi\u00e4 yksityishenkil\u00f6it\u00e4 tulisi boikotoida. Kuvataiteilijat tuovat tuomittavana esiin, ett\u00e4 Zabludowiczin perustaman tutkimuskeskus BICOM:n julkaisut ovat haastaneet Amnesty Internationalin raporttia, jossa syytet\u00e4\u00e4n Israelia apartheidista, ja ett\u00e4 Zabludowicz on investoinut yhdysvaltalaiseen yhti\u00f6\u00f6n, jonka tuotteita israelilaiset turvallisuuspalvelut ovat k\u00e4ytt\u00e4neet. Kuvataiteilijoiden&#8230;<\/p>","protected":false},"author":4,"featured_media":1041,"comment_status":"closed","ping_status":"open","sticky":false,"template":"","format":"standard","meta":{"footnotes":""},"categories":[1],"tags":[30,55,56,54,34,26,31,32,51,52,48,57,53],"class_list":["post-1009","post","type-post","status-publish","format-standard","has-post-thumbnail","hentry","category-uncategorized","tag-amnesty-international","tag-antisemitismi","tag-avoin-kirje","tag-bds","tag-boikotti","tag-ihmisoikeudet","tag-israel-apartheid","tag-kansalaisjarjestot","tag-kiasma","tag-kiasman-tukisaatio","tag-palestiinalaiset","tag-vetoomus","tag-zabludowicz"],"_links":{"self":[{"href":"https:\/\/www.yaps.fi\/en\/wp-json\/wp\/v2\/posts\/1009","targetHints":{"allow":["GET"]}}],"collection":[{"href":"https:\/\/www.yaps.fi\/en\/wp-json\/wp\/v2\/posts"}],"about":[{"href":"https:\/\/www.yaps.fi\/en\/wp-json\/wp\/v2\/types\/post"}],"author":[{"embeddable":true,"href":"https:\/\/www.yaps.fi\/en\/wp-json\/wp\/v2\/users\/4"}],"replies":[{"embeddable":true,"href":"https:\/\/www.yaps.fi\/en\/wp-json\/wp\/v2\/comments?post=1009"}],"version-history":[{"count":24,"href":"https:\/\/www.yaps.fi\/en\/wp-json\/wp\/v2\/posts\/1009\/revisions"}],"predecessor-version":[{"id":1050,"href":"https:\/\/www.yaps.fi\/en\/wp-json\/wp\/v2\/posts\/1009\/revisions\/1050"}],"wp:featuredmedia":[{"embeddable":true,"href":"https:\/\/www.yaps.fi\/en\/wp-json\/wp\/v2\/media\/1041"}],"wp:attachment":[{"href":"https:\/\/www.yaps.fi\/en\/wp-json\/wp\/v2\/media?parent=1009"}],"wp:term":[{"taxonomy":"category","embeddable":true,"href":"https:\/\/www.yaps.fi\/en\/wp-json\/wp\/v2\/categories?post=1009"},{"taxonomy":"post_tag","embeddable":true,"href":"https:\/\/www.yaps.fi\/en\/wp-json\/wp\/v2\/tags?post=1009"}],"curies":[{"name":"wp","href":"https:\/\/api.w.org\/{rel}","templated":true}]}}