{"id":1014,"date":"2022-11-09T20:13:52","date_gmt":"2022-11-09T18:13:52","guid":{"rendered":"https:\/\/www.yaps.fi\/?p=1014"},"modified":"2023-11-04T20:03:02","modified_gmt":"2023-11-04T18:03:02","slug":"esimerkkeja-ongelmista-amnesty-internationalin-helmikuussa-2022-julkaisemassa-raportissa","status":"publish","type":"post","link":"https:\/\/www.yaps.fi\/en\/esimerkkeja-ongelmista-amnesty-internationalin-helmikuussa-2022-julkaisemassa-raportissa\/","title":{"rendered":"Esimerkkej\u00e4 ongelmista Amnesty Internationalin helmikuussa 2022 julkaisemassa raportissa"},"content":{"rendered":"<p><em>Israel&#8217;s Apartheid &#8211; Cruel System of Domination and Crime Against Humanity<\/em> <br><br>9.11.2022<br><\/p>\n\n\n\n<p><strong>Palestiinalaisten terroritekojen v\u00e4h\u00e4tteleminen ja itsemurhaiskujen h\u00e4ivytt\u00e4minen kuvasta<\/strong><\/p>\n\n\n\n<p>Amnestyn raportti luo kuvaa, ett\u00e4 Israelin toiminta ei ole seurausta aseellisesta konfliktista vaan Israelin tarkoituksellisesta pyrkimyksest\u00e4 harjoittaa rotusortoa. T\u00e4m\u00e4n kuvan muotoutumisessa ratkaisevan t\u00e4rke\u00e4\u00e4 on se, ett\u00e4 280-sivuisessa selonteossa j\u00e4tet\u00e4\u00e4n l\u00e4hes t\u00e4ysin kertomatta palestiinalaisten \u00e4\u00e4rij\u00e4rjest\u00f6jen jatkuvasta terrorista Israelia kohtaan. Esimerkiksi Hamas, eli suomennettuna \u201dislamilainen vastarintaliike\u201d, joka on Euroopan unionin terroritoimijoiden listalla<sup><a href=\"#sdendnote1sym\" id=\"sdendnote1anc\"><sup>i<\/sup><\/a><\/sup>, esitet\u00e4\u00e4n raportissa pelk\u00e4st\u00e4\u00e4n \u201dpalestiinalaisena puolueena\u201d. PFLP:t\u00e4, joka on my\u00f6s EU:n terroritoimijalistalla, raportti kuvailee Israelin kielt\u00e4m\u00e4n\u00e4 vasemmistolaisena poliittisena puolueena, jolla on aseellinen siipi.<a href=\"#sdendnote2sym\" id=\"sdendnote2anc\"><sup>ii<\/sup><\/a>Toinen intifada, joka oli israelilaisiin kohdistetun itsemurhaterrorin hy\u00f6kyaalto, kuvataan raportissa yhdell\u00e4 kappaleella. Siin\u00e4kin p\u00e4\u00e4osassa ovat Israelin vastatoimet ja kuvauksesta puuttuvat t\u00e4ysin palestiinalaisten tekem\u00e4t itsemurhaiskut.<sup><a href=\"#sdendnote3sym\" id=\"sdendnote3anc\"><sup>iii<\/sup><\/a><\/sup><\/p>\n\n\n\n<p>Palestiinalaisten toisen intifadan aikana tekemien poliittisesti motivoituneiden iskujen m\u00e4\u00e4r\u00e4 oli j\u00e4rkytt\u00e4v\u00e4. Pelk\u00e4st\u00e4\u00e4n itsemurhaiskuja palestiinalaiset terrorij\u00e4rjest\u00f6t onnistuivat tekem\u00e4\u00e4n l\u00e4hes 90 vain toisen intifadan kahtena huippuvuotena, 2001 ja 2002. Muiden terroritekojen ja ehk\u00e4istyjen itsemurhaiskujen m\u00e4\u00e4r\u00e4 on moninkertainen. Vasta L\u00e4nsirannan ymp\u00e4rille rakennetun turva-aidan valmistumisen j\u00e4lkeen itsemurhaiskujen m\u00e4\u00e4r\u00e4 on pudonnut.<sup><a href=\"#sdendnote4sym\" id=\"sdendnote4anc\"><sup>iv<\/sup><\/a><\/sup>Jos raportissa kerrottaisiin israelilaisiin kohdistetun terrorin ja v\u00e4kivallan uhka realistisesti, olisi mahdollista n\u00e4hd\u00e4 sen vaikutus Israelin tekemiin poliittisiin p\u00e4\u00e4t\u00f6ksiin, kuten turva-aidan rakentamiseen ja liikkumisen valvomiseen, joita raportissa kuvaillaan.<\/p>\n\n\n\n<p>Kokonaisuudessaan raportissa kuvataan palestiinalaisten tekemi\u00e4 v\u00e4kivallantekoja muutamassa v\u00e4h\u00e4ttelev\u00e4ss\u00e4 lauseessa, kun taas Israelin vastatoimia k\u00e4sitell\u00e4\u00e4n l\u00e4pi raportin. T\u00e4st\u00e4 syntyy kuva, ett\u00e4 Israelin puolustukselliset toimet olisivat ylimitoitettuja, luonteeltaan kollektiivisia rangaistuksia ja kohdistuisivat tarkoituksellisesti aseelliseen konfliktiin liittym\u00e4tt\u00f6miin henkil\u00f6ihin. <br><br>Raportissa muun muassa v\u00e4itet\u00e4\u00e4n, ett\u00e4 toisen intifadan aikana Israelin turvallisuusjoukot<em> \u2019ampuivat palestiinalaisia tarkastuspisteill\u00e4, vaikka he eiv\u00e4t aiheuttaneet v\u00e4lit\u00f6nt\u00e4 vaaraa\u2019<\/em>.<sup><a id=\"sdendnote5anc\" href=\"#sdendnote5sym\"><sup>v<\/sup><\/a><\/sup> T\u00e4ss\u00e4 on huomattava, ett\u00e4 tuolloin vasta Gazan ymp\u00e4rill\u00e4 oli turva-aita ja tarkastuspisteet, joille Gazasta k\u00e4sin tehtiin toisen intifadan aikana kymmeni\u00e4 iskuja. Niiden uhreina kuoli l\u00e4hes 40 israelilaista.<sup><a id=\"sdendnote6anc\" href=\"#sdendnote6sym\"><sup>vi<\/sup><\/a><\/sup> V\u00e4lit\u00f6n vaara oli hyvin todellista. Esimerkiksi Erezin tarkastuspisteell\u00e4 pid\u00e4tettiin 20.6.2005 21-vuotias palestiinalainen Wafa al-Biss. H\u00e4n sai plastiikkakirurgista hoitoa palovammoihinsa israelilaisessa sairaalassa ja oli tulossa hoitojaksolle, tuolla kertaa aseistautuneena 10kg r\u00e4j\u00e4hdevy\u00f6ll\u00e4. Nainen yritti viel\u00e4 pid\u00e4tettyn\u00e4kin r\u00e4j\u00e4ytt\u00e4\u00e4 pomminsa tarkastuspisteell\u00e4. Vaikka h\u00e4n aiheutti v\u00e4litt\u00f6m\u00e4n vaaran, h\u00e4nt\u00e4 ei ammuttu vaan h\u00e4net pid\u00e4tettiin.<sup><a id=\"sdendnote7anc\" href=\"#sdendnote7sym\"><sup>vii<\/sup><\/a><\/sup><\/p>\n\n\n\n<p>Toisen intifadan p\u00e4\u00e4tytty\u00e4 v\u00e4kivallan uhka israelilaisia kohtaan ei ole v\u00e4hentynyt, vaan palestiinalaisten ja \u00e4\u00e4ri-islamilaisten terrorij\u00e4rjest\u00f6jen sek\u00e4 niit\u00e4 aseistavan Iranin uhka on jatkuva. Toisen intifadan j\u00e4lkeen k\u00e4ynnistettiin kolmas, ns. \u201dveitsi-intifada\u201d, jossa palestiinalaisterroristit k\u00e4yviv\u00e4t teurastusveitsill\u00e4 ja kirveill\u00e4 juutalaisten kimppuun tai ajoivat autoilla v\u00e4kijoukkoon.<sup><a id=\"sdendnote8anc\" href=\"#sdendnote8sym\"><sup>viii<\/sup><\/a><\/sup> Gazan kaistaleelta ammutaan jatkuvasti raketteja Israelin siviiliasutuksiin<sup><a id=\"sdendnote9anc\" href=\"#sdendnote9sym\"><sup>ix<\/sup><\/a><\/sup>, ja alueelle viedyst\u00e4 rakennusmateriaalista k\u00e4ytet\u00e4\u00e4n valtavat m\u00e4\u00e4r\u00e4t terroritunneleihin.<sup><a id=\"sdendnote10anc\" href=\"#sdendnote10sym\"><sup>x<\/sup><\/a><\/sup><\/p>\n\n\n\n<p>Amnesty puolustelee kaiken t\u00e4m\u00e4n ohittamista \u201doikealla\u201d kontekstilla, jolloin sen mukaan k\u00e4y ilmi, ett\u00e4 Israelin todellinen intentio on rotusorto:<\/p>\n\n\n\n<p>\u2019<em>Raportti tarjoaa esimerkkej\u00e4 Israelin politiikasta, esimerkiksi suljettujen sotilasvy\u00f6hykkeiden julistaminen, hallinnolliset pid\u00e4tykset ja liikkumisrajoitukset, kuten matkustuskiellot ja p\u00e4\u00e4syn est\u00e4minen tietyille alueille. <\/em><em><strong>Asiayhteydest\u00e4\u00e4n irrotettuna niiden voidaan katsoa perustuvan legitiimeihin turvallisuusn\u00e4k\u00f6kohtiin<\/strong><\/em><em>. Sen sijaan kun niit\u00e4 tarkastellaan systemaattisen syrjinn\u00e4n ja sorron kontekstissa ja niiden aiheuttamien suurten ihmisoikeusloukkausten valossa, k\u00e4y selv\u00e4ksi, ett\u00e4 <\/em><em><strong>todellisia turvallisuusn\u00e4k\u00f6kohtia t\u00e4rke\u00e4mp\u00e4\u00e4 on selke\u00e4 ja laiton tarkoitus hallita ja <\/strong><\/em><em><strong>sortaa.<\/strong><\/em><em>\u2019<\/em><sup><em><a href=\"#sdendnote11sym\" id=\"sdendnote11anc\"><sup>xi<\/sup><\/a> <\/em><\/sup>(lihavointi lis\u00e4tty)<\/p>\n\n\n\n<p><strong>Poikkeustulkintoja kansainv\u00e4lis<\/strong><strong>ist\u00e4 sopimuksista<\/strong><\/p>\n\n\n\n<p>Amnestyn mukaan Israelin yhteiskunta on rotusortoj\u00e4rjestelm\u00e4, mutta sill\u00e4 on hankaluuksia osoittaa t\u00e4m\u00e4, koska Israelin kansalaisilla etnisest\u00e4 tai uskonnollisesta taustasta riippumatta on samat oikeudet. Israelin arabeja on ministerein\u00e4, kansanedustajina, tuomareina, diplomaatteina, johtajaylil\u00e4\u00e4k\u00e4rein\u00e4; monet menestyneimmist\u00e4 israelilaisista tutkijoista, start-up-yritysten johtajista, taiteilijoista ja urheilijoista ovat arabeja. P\u00e4tevien todisteiden esitt\u00e4misen sijaan raportissa p\u00f6nkitet\u00e4\u00e4n v\u00e4itett\u00e4 rotusortoyhteiskunnasta k\u00e4sittelem\u00e4ll\u00e4 kaikkia palestiinalaisia ik\u00e4\u00e4n kuin he olisivat Israelin kansalaisia.<\/p>\n\n\n\n<p>N\u00e4in luodaan kuva, ett\u00e4 Israel olisi vastuussa Fatahin ja Hamasin hallitsemilla alueilla esiintyvist\u00e4 ihmisoikeuksien sek\u00e4 poliittisten, kulttuuristen ja koulutuksellisten oikeuksien vajaudesta ja ett\u00e4 ne olisivat seurausta Israelin \u201crotusorrosta\u201d eiv\u00e4tk\u00e4 Fatahin ja Hamasin hallinnon politiikasta. Palestiinalaisv\u00e4est\u00f6n jakautuminen eri hallintojen alle on seurausta viime vuosisadan sodista, Oslon rauhanprosessista ja palestiinalaishallinnon sis\u00e4llissodasta vuonna 2007, mutta se esitet\u00e4\u00e4n raportissa ik\u00e4\u00e4n kuin se johtuisi Israelin tarkoituksellisesta pyrkimyksest\u00e4 segregoida ja fragmentoida palestiinalaisia ryhmiin, jotta se voisi dominoida heit\u00e4 helpommin.<sup><a id=\"sdendnote12anc\" href=\"#sdendnote12sym\"><sup>xii<\/sup><\/a><\/sup><br><br>Todellisuudessa jokainen valtio tekee oikeudellisen eron kansalaistensa ja ei-kansalaisten v\u00e4lill\u00e4. T\u00e4t\u00e4 erottelua kunnioitetaan my\u00f6s valtioiden kesken\u00e4\u00e4n tekemiss\u00e4 sopimuksissa. Periaate n\u00e4kyy esimerkiksi Suomen vuonna 1970 ratifioiman Yhdistyneiden Kansakuntien Kaikkinaisen rotusyrjinn\u00e4n poistamista koskevan kansainv\u00e4lisen yleissopimuksen ensimm\u00e4isess\u00e4 artiklassa kohdassa kaksi. Siin\u00e4 korostetaan, ett\u00e4 \u2019<em>sopimus ei koske sit\u00e4 erottelua, poissulkemista, rajoittamista tai etuoikeuksien my\u00f6nt\u00e4mist\u00e4, jota valtiot harjoittavat kansalaisten ja ei-kansalaisten <\/em><em>v\u00e4lill\u00e4\u2019.<\/em><sup><em><a id=\"sdendnote13anc\" href=\"#sdendnote13sym\"><sup>xiii<\/sup><\/a><\/em><\/sup><\/p>\n\n\n\n<p>Toinen esimerkki raportin sortumisesta kansainv\u00e4listen ihmisoikeussopimusten erikoisiin ja poikkeuksellisiin tulkintoihin koskee Yleismaailmallisen ihmisoikeuksien julistuksen artiklassa 13 mainittua ihmisen oikeutta \u2019<em>l\u00e4hte\u00e4 maasta, my\u00f6s omasta maastaan, ja palata maahansa\u2019<\/em>. Amnesty vetoaa t\u00e4h\u00e4n artiklaan ik\u00e4\u00e4n kuin kyseess\u00e4 olisi universaali pakolaisten paluuoikeus paikkaan, jossa on asunut, eik\u00e4 kansalaisen oikeus l\u00e4hte\u00e4 ja palata maahan, jonka kansalainen on. Amnesty k\u00e4ytt\u00e4\u00e4 t\u00e4t\u00e4 tulkintaa perusteena vaatimukselle, ett\u00e4 Israelin pit\u00e4isi sallia kaikkien palestiinalaispakolaisten ja heid\u00e4n j\u00e4lkel\u00e4istens\u00e4 muuttaminen Israeliin.<sup><a href=\"#sdendnote14sym\" id=\"sdendnote14anc\"><sup>xiv<\/sup><\/a><\/sup> Universaalin pakolaisten paluuoikeuden vaatiminen kaikille muillekin toisen maailmansodan j\u00e4lkeisin\u00e4 vuosina pakolaisiksi joutuneille ja heid\u00e4n j\u00e4lkel\u00e4isilleen merkitsisi maailmanlaajuista kaaosta. T\u00e4t\u00e4 ihmisoikeusjulistus ei tietenk\u00e4\u00e4n tarkoita, vaan kyseess\u00e4 on esimerkki Amnestyn raportin poikkeuksellisista kansainv\u00e4listen sopimusten tulkinnoista.<\/p>\n\n\n\n<p><br><strong>Virheelliset faktat ja harhaanjohtava esitt\u00e4minen<\/strong>: <strong>maanomistus vuonna 1948<\/strong><\/p>\n\n\n\n<p>Raportissa v\u00e4itet\u00e4\u00e4n, ett\u00e4 \u2018<em>Vuonna 1948 juutalaiset yksil\u00f6t ja j\u00e4rjest\u00f6t omistivat noin 6,5% Palestiinan mandaattialueesta, kun taas palestiinalaiset omistivat noin 90% yksityisesti omistetusta maasta siell\u00e4<\/em>.\u2019<sup><em><a id=\"sdendnote15anc\" href=\"#sdendnote15sym\"><sup>xv<\/sup><\/a><\/em><\/sup> Silmiinpist\u00e4v\u00e4\u00e4 on, ett\u00e4 juutalaisten omistusosuutta verrataan alueen koko pinta-alaan, kun taas arabien \u201dyksityisomistuksessa olleeseen maahan\u201d. V\u00e4itteen l\u00e4hdeviitteess\u00e4 ei puhuta mit\u00e4\u00e4n maanomistuksesta  vaan pelk\u00e4st\u00e4\u00e4n v\u00e4est\u00f6suhteista. Lis\u00e4ksi raportissa v\u00e4itet\u00e4\u00e4n, ett\u00e4 ainoastaan hieman yli 70 vuodessa<em> \u2018tarkoituksellinen Israelin valtion politiikka on k\u00e4\u00e4nt\u00e4nyt t\u00e4m\u00e4n tilanteen, usein brutaalein tavoin, varmistaakseen luonnonvarojen juutalais-israelilaisen kontrollin\u2019<\/em>.<sup><a id=\"sdendnote16anc\" href=\"#sdendnote16sym\"><sup>xvi<\/sup><\/a><\/sup><\/p>\n\n\n\n<p>Alueen elinoloista tehtiin perusteellinen selvitys vuosina 1945-1946.<sup><a id=\"sdendnote17anc\" href=\"#sdendnote17sym\"><sup>xvii<\/sup><\/a><\/sup> Tuolloin juutalaisessa yksityisomistuksessa oli yli 6% maasta, mik\u00e4 oli todennettavissa kauppakirjoista. Arabien maaomistus oli vaikeasti selvitett\u00e4viss\u00e4, koska heid\u00e4n tilanteensa johtui aluetta 400 vuotta hallinneen Turkin imperiumin maanomistussysteemist\u00e4. Itsen\u00e4isi\u00e4, maata omistavia talonpoikia oli alueella v\u00e4h\u00e4n, koska turkkilaisvallan aikainen maanomistus perustui suurmaanomistukseen ja feodaalityyppiseen j\u00e4rjestelm\u00e4\u00e4n. Tutkimuskomission mukaan brittihallinto oli alkanut jakaa maata alueella asuneille arabeille, mutta noin 70% mandaatin pinta-alasta oli julkisen vallan alaista maata. <br><\/p>\n\n\n\n<p>Nyky-Israelissa maasta on vain noin 7% yksityisomistuksessa, ja siit\u00e4 noin puolet on arabien omistamaa. Amnestyn antama kuva maanomistusoloista vuonna 1948 ja maanomistusolojen kehittymisest\u00e4 on t\u00e4ysin virheellinen. T\u00e4m\u00e4 on vain yksi esimerkki Amnestyn raportissa esiintyvist\u00e4 virheellisist\u00e4 faktoista ja harhaanjohtavasta esitt\u00e4misest\u00e4. <\/p>\n\n\n\n<p><strong>Ep\u00e4luotettavat l\u00e4hteet ja l\u00e4hteiden siteeraaminen v\u00e4\u00e4rin<\/strong><\/p>\n\n\n\n<p>Raportin l\u00e4hteet ovat p\u00e4\u00e4osin toisen k\u00e4den l\u00e4hteit\u00e4, esimerkiksi Amnestyn omia raportteja tai muiden j\u00e4rjest\u00f6jen raportteja, jotka osallistuvat Israelin vastaisiin boikottihankkeisiin. Viittauksia on my\u00f6s YK:n julkaisuihin, joiden valitettava systemaattinen Israel-vastaisuus on laajasti tunnettua.<sup><a href=\"#sdendnote18sym\" id=\"sdendnote18anc\"><sup>xviii<\/sup><\/a><\/sup>Vaikka Israel kuuluu maailman vapaimpiin demokratioihin,<sup><a href=\"#sdendnote19sym\" id=\"sdendnote19anc\"><sup>xix<\/sup><\/a><\/sup> esimerkiksi YK:n ihmisoikeusneuvoston valtioita tuomitsevista p\u00e4\u00e4t\u00f6slauselmista p\u00e4\u00e4osa koskee Israelia; YK:n yleiskokouksen tuomioista l\u00e4hes 90% koskee Israelia; ja monet YK:n elimet kuten WHO, ILO ja UNESCO ovat tuominneet vain yht\u00e4 maata, Israelia. <a href=\"#sdendnote20sym\" id=\"sdendnote20anc\"><sup>xx<\/sup><\/a> Israeliin suuntautuva hallinnon vastainen ihmisoikeusaktivismikin on mahdollista juuri sen takia, ett\u00e4 se ei ole Syyrian, Pohjois-Korean, Kiinan, Ven\u00e4j\u00e4n, Iranin tai monen muun maan kaltainen tyrannia.<\/p>\n\n\n\n<p>Kun Amnesty raportissaan viittaa alkuper\u00e4iseen israelilaiseen l\u00e4hteeseen, se antaa t\u00e4ysin eri kuvan tilanteesta kuin itse l\u00e4hde. Amnesty muun muassa esitt\u00e4\u00e4, ett\u00e4 Israelin Korkeimman oikeuden p\u00e4\u00e4t\u00f6s paljastaa Israelin k\u00e4ytt\u00e4neen kidutusmenetelmi\u00e4 ja maalaa t\u00e4m\u00e4n perusteella kuvan laajasta palestiinalaisvankien kidutuksesta sanomalla: \u2019<em>Vuonna 1999 Israelin korkein oikeus antoi merkitt\u00e4v\u00e4n tuomion, joka sek\u00e4 paljasti Israelin turvallisuuspalvelun ja Israelin muiden turvallisuusjoukkojen j\u00e4rjestelm\u00e4llisesti p\u00e4\u00e4asiassa palestiinalaisia pid\u00e4tettyj\u00e4 ja vankeja vastaan k\u00e4ytt\u00e4m\u00e4t kidutusmenetelm\u00e4t ett\u00e4 kielsi niiden k\u00e4ytt\u00e4misen.\u2019 <\/em><sup><em><a href=\"#sdendnote21sym\" id=\"sdendnote21anc\"><sup>xxi<\/sup><\/a><\/em><\/sup><\/p>\n\n\n\n<p>Kyseinen p\u00e4\u00e4t\u00f6s koskee 90-luvulla terrori-iskuja organisoineen nelj\u00e4n palestiinalaisen valitusta, jossa he kertoivat, ett\u00e4 heit\u00e4 oli kuulusteluissa ravisteltu voimakkaasti, istutettu s\u00e4kki p\u00e4\u00e4ss\u00e4 matalalla tuolilla k\u00e4det sidottuina, heille oli soitettu kova\u00e4\u00e4nist\u00e4 musiikkia ja heilt\u00e4 oli riistetty riitt\u00e4v\u00e4 uni. Israelin keskusrikospoliisi vastasi, ett\u00e4 n\u00e4it\u00e4 keinoja oli k\u00e4ytetty est\u00e4m\u00e4\u00e4n pid\u00e4tettyjen keskin\u00e4inen kommunikaatio tai kuulustelujen venyess\u00e4 \u201dtikitt\u00e4v\u00e4n pommin\u201d tilanteissa, eli kun kuulusteltavalla oli tietoa, jolla voitiin est\u00e4\u00e4 valmisteilla oleva terrori-isku. Korkein oikeus kielsi n\u00e4iden keinojen k\u00e4yt\u00f6n, vaikka tunnusti turvallisuusviranomaisten vaikeuden \u201dtikitt\u00e4v\u00e4n pommin\u201d tilanteissa.<a id=\"sdendnote22anc\" href=\"#sdendnote22sym\"><sup>xxii<\/sup><\/a><sup> <\/sup><\/p>\n\n\n\n<p>Palestiinalaisvankien palestiinalaisilla asianajajilla ei ainoastaan ole oikeus vaan my\u00f6s velvollisuus valittaa oikeuteen, jos heid\u00e4n p\u00e4\u00e4miehi\u00e4\u00e4n olisi kuulusteluissa kidutettu. Mit\u00e4\u00e4n muita tapauksia Amnestyll\u00e4 ei esit\u00e4 tukeakseen v\u00e4itett\u00e4 laaja-alaisesta ja systemaattisesta kidutuksesta.<\/p>\n\n\n\n<p><strong>Suositusten r\u00e4ike\u00e4 ep\u00e4suhta<\/strong><\/p>\n\n\n\n<p>Amnesty tekee raportissa suosituksia Israelille, palestiinalaishallinnolle, kansainv\u00e4lisille elimille, valtioille, yrityksille ja j\u00e4rjest\u00f6ille. Israelille esitet\u00e4\u00e4n noin 50 suositusta, jotka tarkoittavat k\u00e4yt\u00e4nn\u00f6ss\u00e4 kaikkien turvatekij\u00f6iden poistamista Israelin siviiliv\u00e4est\u00f6lt\u00e4, terrorij\u00e4rjest\u00f6jen vapaata liikkumista ja toimintaa israelilaisten keskuudessa ja Israelin valtion tuhoamista. Niiden joukkoon kuuluvat Gazan saarron t\u00e4ydellinen lopettaminen, eli tavaroiden ja ihmisten vapaa liikkuminen Hamasin, Islamilaisen Jihadin ja muiden terrorij\u00e4rjest\u00f6jen hallitsemalle alueelle ja sielt\u00e4 ulos. Seurauksiltaan mahdottomia suosituksia ovat my\u00f6s turva-aidan purkaminen ja kaiken valvonnan ja kulkurajoitusten lopettaminen my\u00f6s L\u00e4nsirannalla sek\u00e4 kaikkien palestiinalaispakolaisten ja heid\u00e4n miljoonien j\u00e4lkel\u00e4istens\u00e4 \u201dpaluuoikeuden\u201d salliminen.<sup><a id=\"sdendnote23anc\" href=\"#sdendnote23sym\"><sup>xxiii<\/sup><\/a><\/sup><\/p>\n\n\n\n<p>Voisi olettaa, ett\u00e4 t\u00e4m\u00e4n j\u00e4lkeen Amnesty suosittelisi palestiinalaishallinnolle luopumista terroriin kiihottamisesta, antisemitismin opettamisesta, asetoimitusten vastaanottamisesta Iranista, palkkioiden maksamisesta juutalaisten murhaajille \u2013 summa nousee jo yli miljardin Yhdysvaltojen dollarin<sup><a id=\"sdendnote24anc\" href=\"#sdendnote24sym\"><sup>xxiv<\/sup><\/a><\/sup> \u2013 tai omien kansalaistensa poliittisten oikeuksien kunnioittamista j\u00e4rjest\u00e4m\u00e4ll\u00e4 vaalit, joita ei ole j\u00e4rjestetty vuoden 2006 j\u00e4lkeen. N\u00e4iden sijasta Amnesty esitt\u00e4\u00e4 vain kaksi suositusta palestiinalaishallinnolle: dokumentoida \u2018<em>Israelin apartheid-j\u00e4rjestelm\u00e4n syrjiv\u00e4\u00e4 vaikutusta miehitettyjen <\/em><em>p<\/em><em>alestiinalais<\/em><em>ten <\/em><em>alueiden palestiinalaisv\u00e4est\u00f6\u00f6n todisteeksi <\/em>[&#8230;]<em> kansainv\u00e4lisille tuomioistuimille ja muille elimille<\/em><em>\u2019<\/em> ja varmistaa<em>, <\/em>ett\u00e4 <em>\u2018<\/em><em>mik\u00e4\u00e4n yhteisty\u00f6 Israelin kanssa, <\/em><em>p\u00e4\u00e4asiassa<\/em><em> turvallisuu<\/em><em>skoordinointi<\/em><em>, ei edist\u00e4<\/em> <em>apartheid-j\u00e4rjestelm\u00e4n yll\u00e4pit\u00e4mist\u00e4<\/em><em>\u2019.<\/em><sup><em><a id=\"sdendnote25anc\" href=\"#sdendnote25sym\"><sup>xxv<\/sup><\/a><\/em><\/sup>  J\u00e4lkimm\u00e4inen suositus on vastoin kansainv\u00e4lisi\u00e4 sopimuksia, joilla palestiinalaishallinto perustettiin ja joissa se sitoutui turvallisuusyhteisty\u00f6h\u00f6n saadessaan Israelilta alueita hallittavakseen.<br><\/p>\n\n\n\n<p><strong>Israel-vastaisen <\/strong><strong>informaation ja tuomioiden tuottaminen<\/strong><\/p>\n\n\n\n<p>Valitettavasti olemme tilanteessa, jossa Amnestyn kaltaisia, aiemmin arvokasta ty\u00f6t\u00e4 tehneit\u00e4 j\u00e4rjest\u00f6j\u00e4, ei voi en\u00e4\u00e4 pit\u00e4\u00e4 puolueettomina ja vilpitt\u00f6min\u00e4 toimijoina suhteessa Israeliin. Niiden nykyisen Israeliin liittyv\u00e4n toiminnan taustalla on vuonna 2001 pidetty YK:n ja kansalaisj\u00e4rjest\u00f6jen yhteinen antirasistinen maailmankonferenssi Etel\u00e4-Afrikan Durbanissa. Konferenssissa kansalaisj\u00e4rjest\u00f6t antoivat periaatejulistuksen ja toimintaohjelman, jossa ne julistivat tavoitteekseen Israelin t\u00e4ydellisen ja totaalisen erist\u00e4misen muusta maailmasta ja leimasivat vain yhden maan, Israelin, rasistiseksi ongelmaksi maailmassa.<sup><a href=\"#sdendnote26sym\" id=\"sdendnote26anc\"><sup>xxvi<\/sup><\/a><\/sup> Paikalla ollut Yhdysvaltain kongressin demokraattiedustaja Tom Lantos kuvaili kokemustaan seuraavasti: \u2018<em>Minulle, joka olen kokenut Holokaustin kauhut omakohtaisesti, t\u00e4m\u00e4 oli sairaalloisin ja h\u00e4pe\u00e4llisin juutalaisvihan esiinmarssi, jonka olen n\u00e4hnyt natsiajan j\u00e4lkeen\u2019<\/em>.<sup><a href=\"#sdendnote27sym\" id=\"sdendnote27anc\"><sup>xxvii<\/sup><\/a><\/sup> Konferenssi aloitti prosessin, jossa kansalaisj\u00e4rjest\u00f6t yhdess\u00e4 YK-elinten kanssa toteuttavat Durbanissa laadittua periaatejulistusta ja toimintaohjelmaa.<\/p>\n\n\n\n<p>Kansainv\u00e4liset kansalaisj\u00e4rjest\u00f6t tekev\u00e4t yhteisty\u00f6t\u00e4 palestiinalaisten kansalaisj\u00e4rjest\u00f6jen kanssa muun muassa tiedon ker\u00e4\u00e4misess\u00e4. Suurin osa n\u00e4ist\u00e4 palestiinalaisista kansalaisj\u00e4rjest\u00f6ist\u00e4 kuuluu Israelin boikotointiliikett\u00e4 (BDS) johtavaan kansalliseen neuvostoon (BNC eli BDS National Council), joko suoraan tai esimerkiksi PNGO-kattoj\u00e4rjest\u00f6n (Palestinian NGO Network) kautta.<sup><a href=\"#sdendnote28sym\" id=\"sdendnote28anc\"><sup>xxviii<\/sup><\/a><\/sup> BNC:t\u00e4 johtaa tosiasiallisesti Council of National and Islamic Forces in Palestine, joka on kattoj\u00e4rjest\u00f6 palestiinalaisille terrorij\u00e4rjest\u00f6ille.<sup><a href=\"#sdendnote29sym\" id=\"sdendnote29anc\"><sup>xxix<\/sup><\/a><\/sup> Toisin sanoen palestiinalaiset kansalaisj\u00e4rjest\u00f6t, jotka ovat kytk\u00f6ksiss\u00e4 alueita hallitseviin terrorij\u00e4rjest\u00f6ihin, tarjoavat informaatiota kansainv\u00e4lisille kansalaisj\u00e4rjest\u00f6ille ja heid\u00e4n vapaaehtoisilleen.<sup><a href=\"#sdendnote30sym\" id=\"sdendnote30anc\"><sup>xxx<\/sup><\/a><\/sup> N\u00e4m\u00e4 tuottavat informaatiosta raportteja ja sy\u00f6tt\u00e4v\u00e4t sit\u00e4 YK-j\u00e4rjestelmiin, joista se tulee lopulta ulos YK:n logolla varustettuna. N\u00e4in kierr\u00e4tetyn informaation alkuper\u00e4\u00e4 ei en\u00e4\u00e4 kyseenalaisteta, ja t\u00e4h\u00e4n toimintaan osallistuvat k\u00e4ytt\u00e4v\u00e4t toinen toisensa raportteja \u201dtodisteina\u201d.<sup><a href=\"#sdendnote31sym\" id=\"sdendnote31anc\"><sup>xxxi<\/sup><\/a><\/sup> N\u00e4in on saatu aikaan j\u00e4ttim\u00e4inen koneisto, joka toteuttaa alkuper\u00e4ist\u00e4 Durbanissa julistettua tavoitetta: Israelin leimaamista apartheid-valtioksi ja sen tuhoamista totaalisella erist\u00e4misell\u00e4, boikoteilla ja sanktioilla.<\/p>\n\n\n\n<p><strong>Yhteenvetona<\/strong><\/p>\n\n\n\n<p>Amnestyn raportti sis\u00e4lt\u00e4\u00e4 vahvan ja seurauksiltaan vakavan v\u00e4itteen, ett\u00e4 Israel olisi kansalaisiaan ep\u00e4tasa-arvoisesti kohteleva apartheid-valtio, mutta tarjotut perusteet ovat hyvin heikot. Argumentointia sumentavat muun muassa v\u00e4itett\u00e4 tukeva mutta virheellinen aineistoon viittaaminen; sellaisen aineiston k\u00e4ytt\u00f6, jonka on tuottanut konfliktin toinen osapuoli; ja Israelin toiminnan k\u00e4sittely irrallaan sek\u00e4 konfliktista ett\u00e4 muiden maiden toiminnan tarkastelusta vastaavissa oloissa.<\/p>\n\n\n\n<p>Raportissa v\u00e4itetysti rasistiselle Israelin valtiolle suositetaan toimia, joita ei odoteta milt\u00e4\u00e4n muulta maalta ja jotka k\u00e4yt\u00e4nt\u00f6\u00f6n laitettuna tuhoaisivat Israelin valtion. Kansainv\u00e4linen Holokaustin muistoa kunnioittava liitto (IHRA) on kirjannut esimerkkej\u00e4 siit\u00e4, miten antisemitismi n\u00e4kyy nyky\u00e4\u00e4n. My\u00f6s Suomen valtio on allekirjoittanut IHRA:n antisemitismin mallim\u00e4\u00e4ritelm\u00e4n. Amnestyn raporttia lukiessa tulevat valitettavasti mieleen kohdat <em>\u2018Itsem\u00e4\u00e4r\u00e4\u00e4misoikeuden kielt\u00e4minen juutalaiselta v\u00e4est\u00f6lt\u00e4 esimerkiksi v\u00e4itt\u00e4m\u00e4ll\u00e4, ett\u00e4 Israelin valtion olemassaolo on rasistinen hanke\u2019<\/em> ja \u2018<em>Kaksoisstandardien soveltaminen vaatimalla Israelilta k\u00e4ytt\u00e4ytymist\u00e4, jota ei odoteta tai vaadita milt\u00e4\u00e4n muulta demokraattiselta kansakunnalta.\u2019 <\/em><sup><a href=\"#sdendnote32sym\" id=\"sdendnote32anc\"><sup>xxxii<\/sup><\/a> <\/sup>Kansainv\u00e4liselle yhteis\u00f6lle esitetyt suositukset, kuten ett\u00e4 Israelille ei saisi myyd\u00e4 maanpuolustuksellisia tuotteita tai ett\u00e4 sit\u00e4 pit\u00e4isi boikotoida, tuovat mieleen synkki\u00e4 muistoja juutalaisten syrjinn\u00e4st\u00e4 historiassa.<\/p>\n\n\n\n<p><br><strong>Varpu Haavisto<\/strong><br>YAPS &#8211; Young Adults for Peace, Justice and Solidarity in the Middle East ry<\/p>\n\n\n\n<p><a href=\"#sdendnote1anc\" id=\"sdendnote1sym\">i<\/a> Lista Euroopan Unionin terroristisiksi toimijoiksi m\u00e4\u00e4rittelemist\u00e4 yksil\u00f6ist\u00e4 ja yhteis\u00f6ist\u00e4: EUROOPAN UNIONI (2022) Neuvoston t\u00e4yt\u00e4nt\u00f6\u00f6npanoasetus (EU) 2022\/147, annettu 3 p\u00e4iv\u00e4n\u00e4 helmikuuta 2022, tiettyihin henkil\u00f6ihin ja yhteis\u00f6ihin kohdistuvista erityisist\u00e4 rajoittavista toimenpiteist\u00e4 terrorismin torjumiseksi annetun asetuksen (EY) N:o 2580\/2001 2 artiklan 3 kohdan t\u00e4yt\u00e4nt\u00f6\u00f6npanosta sek\u00e4 t\u00e4yt\u00e4nt\u00f6\u00f6npanoasetuksen (EU) 2021\/1188 kumoamisesta.<strong> <\/strong><em>Euroopan unionin virallinen lehti, L 25. 04.02.2022<\/em>, s. 3-4. Osoitteessa: <a href=\"https:\/\/eur-lex.europa.eu\/legal-content\/FI\/TXT\/?uri=OJ:L:2022:025:TOC\"><u>https:\/\/eur-lex.europa.eu\/legal-content\/FI\/TXT\/?uri=OJ:L:2022:025:TOC<\/u><\/a>. [viitattu 4.11.2022].<\/p>\n\n\n\n<p>Lista sis\u00e4lt\u00e4\u00e4 Hamasin, Palestiinan Islamilaisen Jihadin, Palestiinan vapautuksen kansanrintaman (PFLP) lis\u00e4ksi my\u00f6s Al-Aqsan marttyyrien prikaatin. Al-Aqsan marttyyrien prikaatti on kytk\u00f6ksiss\u00e4 palestiinalaisten itsehallintoa johtavaan Fatahiin:<\/p>\n\n\n\n<p>EUROPEAN COUNCIL ON FOREIGN RELATIONS (n.d.) Mapping Palestinian Politics: Al-aqsa Martyrs Brigades (AMB) \u2013 Fatah [WWW] Osoitteessa: <a href=\"https:\/\/ecfr.eu\/special\/mapping_palestinian_politics\/al_aqsa_martyrs_brigades_amb_fatah\/\"><u>https:\/\/ecfr.eu\/special\/mapping_palestinian_politics\/al_aqsa_martyrs_brigades_amb_fatah\/<\/u><\/a> [viitattu 6.11.2022].<\/p>\n\n\n\n<p><a href=\"#sdendnote2anc\" id=\"sdendnote2sym\">ii<\/a> AMNESTY INTERNATIONAL LTD (2022)<em> Israel&#8217;s Apartheid: Cruel System of Domination and Crime Against Humanity<\/em>. Lontoo, s.42:<em>\u2018<\/em><em>In 2007, armed clashes between security forces and armed groups loyal to <\/em><em><strong>the two main Palestinian political parties,<\/strong><\/em><\/p>\n\n\n\n<p><em><strong>Fatah and Hamas<\/strong><\/em>\u2026\u2019(lihavointi lis\u00e4tty).<\/p>\n\n\n\n<p><a href=\"#sdendnote3anc\" id=\"sdendnote3sym\">iii<\/a>Ibid., s.42: \u2018<em>In September 2000 Palestinians launched a second intifada against Israel\u2019s military rule in the West Bank and Gaza Strip. During the uprising, which ended in 2005, Israeli forces killed Palestinians unlawfully by shooting them during protests and at checkpoints although they were not posing imminent danger. They also bombed residential areas and carried out extrajudicial executions. Palestinian armed groups and individuals deliberately killed Israeli civilians by placing bombs in crowded places and in drive-by shootings both in Israel and in the OPT. In response, the Israeli authorities collectively punished the OPT\u2019s entire population by imposing severe restrictions on movement and demolishing hundreds of Palestinian homes.<\/em>\u2019<\/p>\n\n\n\n<p><a href=\"#sdendnote4anc\" id=\"sdendnote4sym\">iv<\/a> Onnistuneet itsemurhaiskut Oslon rauhanprosessin aloittamisen j\u00e4lkeen vuoteen 2016 asti:<\/p>\n\n\n\n<p>ISRAELIN ULKOMINISTERI\u00d6 (n.d.) <em>Suicide<\/em> <em>and<\/em> <em>Other<\/em> <em>Bombing<\/em> <em>Attacks<\/em> <em>in<\/em> <em>Israel<\/em> <em>Since<\/em> <em>the<\/em> <em>Declaration<\/em> <em>of<\/em> <em>Principles<\/em> <em>(Sept<\/em> <em>1993)<\/em>.<\/p>\n\n\n\n<p>[WWW] Osoitteessa: <a href=\"https:\/\/embassies.gov.il\/MFA\/FOREIGNPOLICY\/Terrorism\/Palestinian\/Pages\/Suicide%20and%20Other%20Bombing%20Attacks%20in%20Israel%20Since.aspx\"><u>https:\/\/embassies.gov.il\/MFA\/FOREIGNPOLICY\/Terrorism\/Palestinian\/Pages\/Suicide%20and%20Other%20<\/u><\/a><\/p>\n\n\n\n<p><a href=\"https:\/\/embassies.gov.il\/MFA\/FOREIGNPOLICY\/Terrorism\/Palestinian\/Pages\/Suicide%20and%20Other%20Bombing%20Attacks%20in%20Israel%20Since.aspx\">Bombing%<\/a><a href=\"https:\/\/embassies.gov.il\/MFA\/FOREIGNPOLICY\/Terrorism\/Palestinian\/Pages\/Suicide%20and%20Other%20Bombing%20Attacks%20in%20Israel%20Since.aspx\">20Attacks<\/a><a href=\"https:\/\/embassies.gov.il\/MFA\/FOREIGNPOLICY\/Terrorism\/Palestinian\/Pages\/Suicide%20and%20Other%20Bombing%20Attacks%20in%20Israel%20Since.aspx\">%20in%<\/a><a href=\"https:\/\/embassies.gov.il\/MFA\/FOREIGNPOLICY\/Terrorism\/Palestinian\/Pages\/Suicide%20and%20Other%20Bombing%20Attacks%20in%20Israel%20Since.aspx\">20Israel<\/a><a href=\"https:\/\/embassies.gov.il\/MFA\/FOREIGNPOLICY\/Terrorism\/Palestinian\/Pages\/Suicide%20and%20Other%20Bombing%20Attacks%20in%20Israel%20Since.aspx\">%<\/a><a href=\"https:\/\/embassies.gov.il\/MFA\/FOREIGNPOLICY\/Terrorism\/Palestinian\/Pages\/Suicide%20and%20Other%20Bombing%20Attacks%20in%20Israel%20Since.aspx\">20Since<\/a><a href=\"https:\/\/embassies.gov.il\/MFA\/FOREIGNPOLICY\/Terrorism\/Palestinian\/Pages\/Suicide%20and%20Other%20Bombing%20Attacks%20in%20Israel%20Since.aspx\">.aspx<\/a> [viitattu 5.11.2022].<\/p>\n\n\n\n<p><a href=\"#sdendnote5anc\" id=\"sdendnote5sym\">v<\/a> AMNESTY INTERNATIONAL (2022) s.42: <em>\u2018<\/em><em>During the uprising, which ended in 2005, Israeli forces killed Palestinians<\/em><\/p>\n\n\n\n<p><em>unlawfully by shooting them during protests and at checkpoints <\/em><em><strong>although they were<\/strong><\/em><em> <\/em><em><strong>not posing imminent danger<\/strong><\/em><em>.<\/em><em>\u2019<\/em><em> <\/em>(lihavointi lis\u00e4tty)<\/p>\n\n\n\n<p><a href=\"#sdendnote6anc\" id=\"sdendnote6sym\">vi<\/a> ISRAELIN ULKOMINISTERI\u00d6 (2021) <em>Main terrorist attacks carried out at Gaza Strip crossings<\/em> [WWW] Osoitteessa: <a href=\"https:\/\/www.gov.il\/en\/Departments\/General\/main-terrorist-attacks-carried-out-at-gaza-strip-crossings\">https:\/\/<\/a><a href=\"https:\/\/www.gov.il\/en\/Departments\/General\/main-terrorist-attacks-carried-out-at-gaza-strip-crossings\">ww<\/a><\/p>\n\n\n\n<p><a href=\"https:\/\/www.gov.il\/en\/Departments\/General\/main-terrorist-attacks-carried-out-at-gaza-strip-crossings\">w.gov.il\/en\/Departments\/General\/main-terrorist-attacks-carried-out-at-gaza-strip-crossings<\/a> [viitattu 5.11.2022].<\/p>\n\n\n\n<p><a href=\"#sdendnote7anc\" id=\"sdendnote7sym\">vii<\/a> HARTLEY-PARKINSON, R. (2011) &#8217;I would be a suicide bomber three times over if I could&#8217;: Palestinian woman freed in Gilad<\/p>\n\n\n\n<p>Shalit deal vows to sacrifice her life. <em>Daily<\/em> <em>Mail<\/em> <em>Online<\/em>, 20.10.2011. Osoitteessa: <a href=\"https:\/\/www.dailymail.co.uk\/news\/article-2051382\/Palestinian-Wafa-al-Biss-freed-Gilad-Shalit-deal-vows-sacrifice-life.html\"><u>https:\/\/www.dailymail.co.uk\/news\/article-2051382\/<\/u><\/a><\/p>\n\n\n\n<p><a href=\"https:\/\/www.dailymail.co.uk\/news\/article-2051382\/Palestinian-Wafa-al-Biss-freed-Gilad-Shalit-deal-vows-sacrifice-life.html\"><u>Palestinian-Wafa-al-Biss-freed-Gilad-Shalit-deal-vows-sacrifice-life.html<\/u><\/a> [viitattu 5.11.2022].<\/p>\n\n\n\n<p>Wafa al-Biss haastattelussa vankilasta vapautumisen j\u00e4lkeen: DMartyr11 (2011) <em>Failed<\/em> <em>Suicide<\/em> <em>Bomber<\/em> <em>Wants<\/em> <em>Another<\/em> <em>Chance<\/em>,<\/p>\n\n\n\n<p>20. joulukuuta. Osoitteessa: <a href=\"https:\/\/www.youtube.com\/watch?v=DE9ynOkxK0Q&amp;t=117s\"><u>https:\/\/www.youtube.com\/watch?v=DE9ynOkxK0Q&amp;t=117s<\/u><\/a> [viitattu 5.11.2022].<\/p>\n\n\n\n<p><a href=\"#sdendnote8anc\" id=\"sdendnote8sym\">viii<\/a>Edelleen p\u00e4ivittyv\u00e4 lista iskuista Israelissa alkaen syyskuusta 2015: ISRAELIN ULKOMINISTERI\u00d6 (2022) Wave of Terror 2015-2022 [WWW] Osoitteessa: <a href=\"https:\/\/www.gov.il\/en\/departments\/general\/wave-of-terror-october-2015\">https:\/\/www.gov.il\/en\/departments\/general\/<\/a><a href=\"https:\/\/www.gov.il\/en\/departments\/general\/wave-of-terror-october-2015\">wave-of-terror-october-2015<\/a> [viitattu 5.11.2022].<\/p>\n\n\n\n<p><a href=\"#sdendnote9anc\" id=\"sdendnote9sym\">ix<\/a> THE MEIR AMIT INTELLIGENCE AND TERRORISM INFORMATION CENTER (2021) <em>Escalation in Israel&#8217;s South \u2013 Rocket Fire from the Gaza Strip Updated to 12:00 noon, May 11, 2021. <\/em>Osoitteessa: <a href=\"https:\/\/www.terrorism-info.org.il\/en\/escalation-in-israels-south-rocket-fire-from-the-gaza-strip-updated-to-1200-noon-may-11-\"><u>https:\/\/www.terrorism-info.org.il\/en\/escalation-in-israels<\/u><\/a><\/p>\n\n\n\n<p><a href=\"https:\/\/www.terrorism-info.org.il\/en\/escalation-in-israels-south-rocket-fire-from-the-gaza-strip-updated-to-1200-noon-may-11-\">-south-rocket-fire-from-the-gaza-strip-updated-to-1200-noon-may-11-<\/a><a href=\"https:\/\/www.terrorism-info.org.il\/en\/escalation-in-israels-south-rocket-fire-from-the-gaza-strip-updated-to-1200-noon-may-11-2021\/\">2021\/<\/a> [viitattu 7.11.2022].<\/p>\n\n\n\n<p><a href=\"#sdendnote10anc\" id=\"sdendnote10sym\">x<\/a> RUBENSTEIN, D. (2015) Hamas\u2019 Tunnel Network: A Massacre in the Making. In: GOODMAN, H. and GOLD, D. (ed<em>)The Gaza War 2014: The War Israel Did Not Want and the Disaster It Averted.<\/em> Jerusalem: Jerusalem Center for Public Affairs, s. 119-130. Osoitteessa:<a href=\"https:\/\/jcpa.org\/the-gaza-war-2014\/hamas-tunnel-network\/\"> <\/a><a href=\"https:\/\/jcpa.org\/the-gaza-war-2014\/hamas-tunnel-network\/\"><u>https:\/\/jcpa.org\/the-gaza-war-2014\/hamas-tunnel-network\/<\/u><\/a>.<\/p>\n\n\n\n<p>PICKRELL, R. (2021) Israel says it has destroyed more than 60 miles of a vast Hamas tunnel network called the &#8217;Metro&#8217;, <em>Business Insider<\/em>, 20.5.2021. Osoitteessa: <a href=\"https:\/\/www.businessinsider.com\/israel-gaza-strikes-destroy-hamas-tunnel-network-2021-5?r=US&amp;IR=T\"><u>https:\/\/www.businessinsider.com\/israel-gaza-strikes-destroy-hamas-tunnel-network-2021-5?r=US&amp;<\/u><\/a><\/p>\n\n\n\n<p><a href=\"https:\/\/www.businessinsider.com\/israel-gaza-strikes-destroy-hamas-tunnel-network-2021-5?r=US&amp;IR=T\"><u>IR=T<\/u><\/a> [viitattu 7.11.2022].<\/p>\n\n\n\n<p>Israelin puolustusvoimien mukaan yhden tunnelin rakentamiseen on tarvittu noin 350 rekkalastillista rakennusmateriaaleja:<\/p>\n\n\n\n<p>ISRAELIN PUOLUSTUSVOIMAT (2014) <em>Everything You Need to Know About Hamas\u2019 Underground City of Terror <\/em>[WWW] Osoitteessa: <a href=\"https:\/\/www.idf.il\/en\/mini-sites\/hamas\/everything-you-need-to-know-about-hamas-underground-city-of-terror\/\"><u>https:\/\/www.idf.il\/en\/mini-sites\/hamas\/everything-you-need-to-know-about-hamas-underground-city-of-terror\/<\/u><\/a> [viitattu 7.11.2022].<\/p>\n\n\n\n<p>ABU AMER, A. (2021) Hamas downplays damage to tunnel network. <em>Al-Monitor<\/em>, 21.5.2021. Osoitteessa: <a href=\"https:\/\/www.al-monitor.com\/originals\/2021\/05\/hamas-downplays-damage-tunnel-network#ixzz7jsDnlrnO\">https:\/\/www.al-monitor.c<\/a><a href=\"https:\/\/www.al-monitor.com\/originals\/2021\/05\/hamas-downplays-damage-tunnel-network#ixzz7jsDnlrnO\">om\/originals\/2021\/05\/hamas-downplays-damage-tunnel-network#<\/a><a href=\"https:\/\/www.al-monitor.com\/originals\/2021\/05\/hamas-downplays-damage-tunnel-network#ixzz7jsDnlrnO\">ixzz7jsDnlrnO<\/a><strong> <\/strong>[viitattu 7.11.2022]: Er\u00e4s PLO:n sotilasjohtaja, Youssef al-Sharkawi, kommentoi: &#8217;<em>Israel may have managed to destroy some Hamas tunnels, but this does not infer that it has destroyed the entire tunnel project built by Hamas. <\/em><em><strong>The movement has been digging many tunnels in different directions under the Gaza Strip for several years, so it is difficult for Israel to destroy them all<\/strong><\/em>\u2019.<strong> <\/strong>(lihavointi lis\u00e4tty)<\/p>\n\n\n\n<p><a href=\"#sdendnote11anc\" id=\"sdendnote11sym\">xi<\/a> AMNESTY INTERNATIONAL (2022) s.265<\/p>\n\n\n\n<p><a href=\"#sdendnote12anc\" id=\"sdendnote12sym\">xii<\/a> ibid. Esimerkiksi sivulla 83 ilmenee selke\u00e4sti v\u00e4ite Israelin intentiosta jakauttaa ja hallita palestiinalaisia pienill\u00e4 alueilla:<\/p>\n\n\n\n<p>\u2018<em>Segregation and Control: Parallel to imposing measures that fragment Palestinians into distinct territorial, legal and administrative domains, Israel has pursued a strategy of establishing domination through discriminatory laws and policies that segregate Palestinians into enclaves based on their legal status and residence.\u2019<\/em><\/p>\n\n\n\n<p><a href=\"#sdendnote13anc\" id=\"sdendnote13sym\">xiii<\/a> Asetus kaikkinaisen rotusyrjinn\u00e4n poistamista koskevan kansainv\u00e4lisen yleissopimuksen voimaansaattamisesta, 544\/1970. Ratifioitu Helsingiss\u00e4 14.7.1970. Osoitteessa: https:\/\/www.finlex.fi\/fi\/sopimukset\/sopsteksti\/1970\/19700037.<\/p>\n\n\n\n<p><a href=\"#sdendnote14anc\" id=\"sdendnote14sym\">xiv<\/a> AMNESTY INTERNATIONAL (2022) s.93<\/p>\n\n\n\n<p>Yhdistyneiden kansakuntien yleiskokous, Ihmisoikeuksien yleismaailmallinen julistus, 1948. Osoitteessa: https:\/\/www.ohchr.org\/en\/human-rights\/universal-declaration\/translations\/finnish.<\/p>\n\n\n\n<p><a href=\"#sdendnote15anc\" id=\"sdendnote15sym\">xv<\/a> AMNESTY INTERNATIONAL (2022) s.22<\/p>\n\n\n\n<p><a href=\"#sdendnote16anc\" id=\"sdendnote16sym\">xvi<\/a>ibid. s.113<\/p>\n\n\n\n<p><a href=\"#sdendnote17anc\" id=\"sdendnote17sym\">xvii<\/a> ANGLO-AMERICAN COMMITTEE OF INQUIRY (1946) <em>A Survey of Palestine<\/em><em>: Prepared in December 1945 and January 1946<\/em><\/p>\n\n\n\n<p><em>for the information of the ANGLO-AMERICAN COMMITTEE OF INQUIRY. VOLUME I. <\/em>s.225, s.257. Saatavilla: <a href=\"https:\/\/www.bjpa.org\/content\/upload\/bjpa\/a_su\/A%20SURVEY%20OF%20PALESTINE%20DEC%201945-JAN%201946%20VOL%20I.pdf\">https:\/\/www.bjpa.o<\/a><\/p>\n\n\n\n<p><a href=\"https:\/\/www.bjpa.org\/content\/upload\/bjpa\/a_su\/A%20SURVEY%20OF%20PALESTINE%20DEC%201945-JAN%201946%20VOL%20I.pdf\">rg\/content\/upload\/bjpa\/a_su\/A%20SURVEY%20OF%20PALESTINE%20DEC%201945-JAN%201946%20VOL%20I.pdf<\/a>&nbsp;[viitattu<\/p>\n\n\n\n<p>7.11.2022].<\/p>\n\n\n\n<p><a href=\"#sdendnote18anc\" id=\"sdendnote18sym\">xviii<\/a> YK:n p\u00e4\u00e4sihteeri Ban Ki-moon turvallisuusneuvoston kokouksessa joulukuussa 2016:<\/p>\n\n\n\n<p>&#8217;<em>Decades of political maneuverings have created a disproportionate volume of resolutions, reports and conferences criticizing Israel. In many cases, rather than helping the Palestinian cause, this reality has hampered the ability of the UN to fulfill its role effectively.<\/em>&#8217;<\/p>\n\n\n\n<p>IsraellycoolBackup (2016) <em>UN Secretary-General Ban Ki-moon Admits UN Biased Against Israel<\/em>, 17. joulukuuta. Osoitteessa: <a href=\"https:\/\/www.youtube.com\/watch?v=diBmo_0-R7Q\">https:\/\/www.youtube.com\/watch?v=diBmo_0-R7Q<\/a> [viitattu 7.11.2022].<\/p>\n\n\n\n<p><a href=\"#sdendnote19anc\" id=\"sdendnote19sym\">xix<\/a> Demokratiamittareita tarjoaa esimerkiksi Our World in Data -verkkosivusto: <a href=\"https:\/\/ourworldindata.org\/grapher\/democracy-eiu?country=COD~FIN~ISR~GBR\"><u>https:\/\/ourworldindata.org\/grapher\/democracy-eiu?country=COD~FIN~ISR~GBR<\/u><\/a> [Avattu 8.11.2022].<\/p>\n\n\n\n<p><a href=\"#sdendnote20anc\" id=\"sdendnote20sym\">xx<\/a> Israelin systemaattisesta syrjinn\u00e4st\u00e4 YK-elimiss\u00e4:<\/p>\n\n\n\n<p>UN WATCH (2019) <em>How the UN discriminates against Israel <\/em>[WWW] Osoitteessa: <a href=\"https:\/\/unwatch.org\/how-the-un-discriminates-against-israel\/\">https:\/\/unwatch.org\/how-the-un-discriminates<\/a><\/p>\n\n\n\n<p><a href=\"https:\/\/unwatch.org\/how-the-un-discriminates-against-israel\/\">-against-israel\/<\/a> [viitattu 7.11.2022].<\/p>\n\n\n\n<p><a href=\"#sdendnote21anc\" id=\"sdendnote21sym\">xxi<\/a>AMNESTY INTERNATIONAL (2022) s.246<\/p>\n\n\n\n<p><a href=\"#sdendnote22anc\" id=\"sdendnote22sym\">xxii<\/a> Judgement concerning the legality of the general security service\u2019s interrogation method, annettu Jerusalemissa 16.9.2022.<\/p>\n\n\n\n<p>Luettavissa osoitteessa: <a href=\"https:\/\/www.law.umich.edu\/facultyhome\/drwcasebook\/Documents\/Documents\/Public%20Committee%20Against%20Torture%20v.%20Israel.pdf\"><u>https:\/\/www.law.umich.edu\/facultyhome\/drwcasebook\/Documents\/Documents\/Public%20Committee<\/u><\/a><\/p>\n\n\n\n<p><a href=\"https:\/\/www.law.umich.edu\/facultyhome\/drwcasebook\/Documents\/Documents\/Public%20Committee%20Against%20Torture%20v.%20Israel.pdf\">%<\/a><a href=\"https:\/\/www.law.umich.edu\/facultyhome\/drwcasebook\/Documents\/Documents\/Public%20Committee%20Against%20Torture%20v.%20Israel.pdf\">20Against<\/a><a href=\"https:\/\/www.law.umich.edu\/facultyhome\/drwcasebook\/Documents\/Documents\/Public%20Committee%20Against%20Torture%20v.%20Israel.pdf\">%<\/a><a href=\"https:\/\/www.law.umich.edu\/facultyhome\/drwcasebook\/Documents\/Documents\/Public%20Committee%20Against%20Torture%20v.%20Israel.pdf\">20Torture<\/a><a href=\"https:\/\/www.law.umich.edu\/facultyhome\/drwcasebook\/Documents\/Documents\/Public%20Committee%20Against%20Torture%20v.%20Israel.pdf\">%20v.%<\/a><a href=\"https:\/\/www.law.umich.edu\/facultyhome\/drwcasebook\/Documents\/Documents\/Public%20Committee%20Against%20Torture%20v.%20Israel.pdf\">20Israel<\/a><a href=\"https:\/\/www.law.umich.edu\/facultyhome\/drwcasebook\/Documents\/Documents\/Public%20Committee%20Against%20Torture%20v.%20Israel.pdf\">.pdf<\/a>: [viitattu 8.11.2022].<\/p>\n\n\n\n<p><a href=\"#sdendnote23anc\" id=\"sdendnote23sym\">xxiii<\/a> AMNESTY INTERNATIONAL (2022) s.272-278<\/p>\n\n\n\n<p><a href=\"#sdendnote24anc\" id=\"sdendnote24sym\">xxiv<\/a> Palestiinalaishallinnon laki palestiinalaisvangeille maksettavista avustuksista:<\/p>\n\n\n\n<p>No.14\/2004 luettavissa arabiankielisen\u00e4 Birtzeitin yliopiston laki-instituutin verkkosivuilta: Muqtafi.birzeit.edu\/pg\/getleg.asp?id=14741<\/p>\n\n\n\n<p>Lakiuudistus No 1\/2013: Muqtafi.birzeit.edu\/pg\/getleg.asp?id=16458<\/p>\n\n\n\n<p>Englanninkielinen k\u00e4\u00e4nn\u00f6s:<\/p>\n\n\n\n<p>THE MIDDLE EAST RESEARCH INSTITUTE (2016) <em>MEMRI President Yigal Carmon\u2019s Testimony To House Committee On<\/em><\/p>\n\n\n\n<p><em>Foreign Affairs, July 6, 2016: Palestinian Authority Support For Imprisoned, Released, And Wounded Terrorists And Families Of<\/em><\/p>\n\n\n\n<p><em>Martyrs<\/em>&nbsp;[WWW] Osoitteessa: <a href=\"https:\/\/www.memri.org\/reports\/memri-president-yigal-carmons-testimony-house-committee-foreign-affairs-july-6-2016\">https:\/\/www.memri.org\/reports\/memri-president-yigal-carmons-testimony-house-committee-foreig<\/a><\/p>\n\n\n\n<p><a href=\"https:\/\/www.memri.org\/reports\/memri-president-yigal-carmons-testimony-house-committee-foreign-affairs-july-6-2016\">n-affairs-july-6-2016<\/a>&nbsp;[viitattu 8.11.2022].<\/p>\n\n\n\n<p>Maksuista yleisesti:<\/p>\n\n\n\n<p>THE ENDOWMENT FOR MIDDLE EAST TRUTH (n.d.) <em>Palestinian Authority \u201cPay for Slay\u201d Fact Sheet<\/em>&nbsp;[WWW] Osoitteessa:<\/p>\n\n\n\n<p><a href=\"https:\/\/emetonline.org\/wp-content\/uploads\/2017\/07\/Pay4Slay_Fact-Sheet-FINAL.pdf\">https:\/\/emetonline.org\/wp-content\/uploads\/2017\/07\/Pay4Slay_Fact-Sheet-FINAL.pdf<\/a> [viitattu 8.11.2022].<\/p>\n\n\n\n<p><a href=\"#sdendnote25anc\" id=\"sdendnote25sym\">xxv<\/a> AMNESTY INTERNATIONAL (2022) s.276<br>\u2018<em>Document as necessary and in line with international standards the discriminatory impact of Israel\u2019s system of apartheid against the Palestinian population in the OPT to provide evidence of such impact to relevant international courts and other bodies.\u2019<\/em><br>\u2018<em>Ensure that operations and any type of dealings with Israel, primarily through security coordination, do not contribute to maintaining the system of apartheid against Palestinians in the OPT. \u2018<\/em><\/p>\n\n\n\n<p><a href=\"#sdendnote26anc\" id=\"sdendnote26sym\">xxvi<\/a> NGO Forum of the World Conference Against Racism, Racial Discrimination, Xenophobia and Related Intolerance, in Durban,<\/p>\n\n\n\n<p>South Africa, August 27-Sept 1, 2001. <em>NGO FORUM Declaration and Programme of Action.<\/em> Osoitteessa: <a href=\"https:\/\/academic.udayton.edu\/race\/06hrights\/WCAR2001\/NGOFORUM\/Palestinans.htm\"><u>https:\/\/academic.udayton.<\/u><\/a><\/p>\n\n\n\n<p><a href=\"#sdendnote27anc\" id=\"sdendnote27sym\">xxvii<\/a> LANTOS, T. (2002) The Durban Debacle: An Insider&#8217;s View of the UN World Conference Against Racism. <em>Fletcher Forum of World Affairs, <\/em>26 (1) s. 31-52. Lainaus sivulta 44. Osoitteessa: <a href=\"https:\/\/dl.tufts.edu\/concern\/pdfs\/tx31qt958\"><u>https:\/\/dl.tufts.edu\/concern\/pdfs\/tx31qt958<\/u><\/a> [viitattu 8.11.2022].<\/p>\n\n\n\n<p><a href=\"#sdendnote28anc\" id=\"sdendnote28sym\">xxviii<\/a> Lista BDS National Councilin j\u00e4senist\u00e4: BDS NATIONAL COMMITTEE (n.d.) <em>Palestinian BDS National Committee<\/em>. Osoitteessa:<\/p>\n\n\n\n<p><a href=\"https:\/\/bdsmovement.net\/bnc\">https:\/\/bdsmovement.net\/bnc<\/a> [viitattu 8.11.2022].<\/p>\n\n\n\n<p><a href=\"#sdendnote29anc\" id=\"sdendnote29sym\">xxix<\/a> Council of National and Islamic Forces antoi ensimm\u00e4isen julistuksensa 30.9.2000. Allekirjoittajina on 9 intifadaan osallistunutta j\u00e4rjest\u00f6\u00e4,<\/p>\n\n\n\n<p>mm. Fatah, Hamas ja PFLP. Julistuksen teksti on luettavissa englanniksi t\u00e4\u00e4lt\u00e4:<\/p>\n\n\n\n<p>HALEVI, J. D. (2013) The Palestinian Authority\u2019s Responsibility for the Outbreak of the Second Intifada: Its Own Damning Testimony.<\/p>\n\n\n\n<p><em>Jerusalem Viewpoints, No. 594, March-April 2013.<\/em> Osoitteessa: <a href=\"https:\/\/jcpa.org\/article\/the-palestinian-authoritys-responsibility-for-the-outbreak-of-the-second-intifada-its-own-damning-testimony\/\">https:\/\/jcpa.org\/article\/the-palestinian-authoritys-responsibility-for-the-<\/a><\/p>\n\n\n\n<p><a href=\"https:\/\/jcpa.org\/article\/the-palestinian-authoritys-responsibility-for-the-outbreak-of-the-second-intifada-its-own-damning-testimony\/\">outbreak-of-the-second-intifada-its-own-damning-testimony\/<\/a> [viitattu: 8.11.2022].<\/p>\n\n\n\n<p><a href=\"#sdendnote30anc\" id=\"sdendnote30sym\">xxx<\/a> Yhteydet palestiinalaisten terrorij\u00e4rjest\u00f6jen ja palestiinalaisten kansalaisj\u00e4rjest\u00f6jen v\u00e4lill\u00e4 ovat joissakin tapauksissa jopa samojen henkil\u00f6iden<\/p>\n\n\n\n<p>toimimista molempien j\u00e4rjest\u00f6jen p\u00e4\u00e4tt\u00e4v\u00e4ll\u00e4 tasolla tai muussa merkitt\u00e4v\u00e4ss\u00e4 asemassa:<\/p>\n\n\n\n<p>NGO MONITOR (2022) PFLP Ties of the Six Designated Terror NGOs [WWW] Osoitteessa:<\/p>\n\n\n\n<p><a href=\"https:\/\/www.ngo-monitor.org\/reports\/pflp-ties-six-newly-designated-terror-ngos\/\">https:\/\/www.ngo-monitor.org\/reports\/pflp-ties-six-newly-designated-terror-ngos\/<\/a> [viitattu 8.11.2022].<\/p>\n\n\n\n<p>NGO MONITOR (2020) PNGO\u2019s Ties to Palestinian Terror Groups&nbsp;[WWW] Osoitteessa:<\/p>\n\n\n\n<p><a href=\"https:\/\/www.ngo-monitor.org\/reports\/pngos-ties-to-palestinian-terror-groups\/\">https:\/\/www.ngo-monitor.org\/repo<\/a><a href=\"https:\/\/www.ngo-monitor.org\/reports\/pngos-ties-to-palestinian-terror-groups\/\">rts\/pngos-ties-to-palestinian-terror-groups\/<\/a> [viitattu 8.11.2022].<\/p>\n\n\n\n<p>Palestiinalaisten kansalaisj\u00e4rjest\u00f6jen verkosto PNGO on noin 140 palestiinalaisj\u00e4rjest\u00f6n yhteisty\u00f6elin ja my\u00f6s BNC-boikottineuvoston j\u00e4sen.<\/p>\n\n\n\n<p>NGO MONITOR (2021) Palestinian NGO Network (PNGO) Osoitteessa: <a href=\"https:\/\/www.ngo-monitor.org\/ngos\/palestinian_ngo_network_pngo_\/\">https:\/\/www.ngo-monitor.org\/ngos\/palestinian_ngo_net<\/a><\/p>\n\n\n\n<p><a href=\"https:\/\/www.ngo-monitor.org\/ngos\/palestinian_ngo_network_pngo_\/\"><u>work_pngo_\/<\/u><\/a> [viitattu 8.11.2022].<\/p>\n\n\n\n<p><a href=\"#sdendnote31anc\" id=\"sdendnote31sym\">xxxi<\/a> YK:n humanitaaristen asioiden koordinointitoimiston ja kansalaisj\u00e4rjest\u00f6jen yhteisty\u00f6st\u00e4:<\/p>\n\n\n\n<p><a><\/a> NGO MONITOR (2022) <em>United Nations Office for the Coordination of Humanitarian Affairs (OCHA)<\/em>. Osoitteessa:<\/p>\n\n\n\n<figure class=\"wp-block-embed is-type-wp-embed is-provider-ngomonitor wp-block-embed-ngomonitor\"><div class=\"wp-block-embed__wrapper\">\n<blockquote class=\"wp-embedded-content\" data-secret=\"PyW5Xe4AMB\"><a href=\"https:\/\/www.ngo-monitor.org\/funder\/united_nations_office_for_the_coordination_of_humanitarian_affairs_ocha_\/\">United Nations Office for the Coordination of Humanitarian Affairs (OCHA)<\/a><\/blockquote><iframe class=\"wp-embedded-content\" sandbox=\"allow-scripts\" security=\"restricted\" style=\"position: absolute; clip: rect(1px, 1px, 1px, 1px);\" title=\"&#8220;United Nations Office for the Coordination of Humanitarian Affairs (OCHA)&#8221; &#8212; ngomonitor\" src=\"https:\/\/www.ngo-monitor.org\/funder\/united_nations_office_for_the_coordination_of_humanitarian_affairs_ocha_\/embed\/#?secret=dMAojahaee#?secret=PyW5Xe4AMB\" data-secret=\"PyW5Xe4AMB\" width=\"600\" height=\"338\" frameborder=\"0\" marginwidth=\"0\" marginheight=\"0\" scrolling=\"no\"><\/iframe>\n<\/div><\/figure>\n\n\n\n<p>NGO MONITOR (2016) <em>UNOCHA-oPt: Politicized Activities and Funding in the Arab-IsraeliConflict. <\/em>Osoitteessa:<\/p>\n\n\n\n<p><a href=\"https:\/\/www.ngo-monitor.org\/reports\/unocha-opt-politicized-activities-and-funding-in-the-arab-israeli-conflict\/\">https:\/\/www.ngo-monitor.org\/reports\/unocha-opt-politicized-activities-and-funding-in-the-arab-israeli-conflict\/<\/a>&nbsp;[viitattu 8.11.2022].<\/p>\n\n\n\n<p><a href=\"#sdendnote32anc\" id=\"sdendnote32sym\">xxxii<\/a> KANSAINV\u00c4LINEN HOLOKAUSTIN MUISTOA KUNNIOITTAVA LIITTO (2016) Kansainv\u00e4lisen holokaustin<\/p>\n\n\n\n<p>muistoa kunnioittavan liiton mallim\u00e4\u00e4ritelm\u00e4 antisemitismille. Osoitteessa: <a href=\"https:\/\/www.holocaustremembrance.com\/fi\/resources\/working-definitions-charters\/kansainvalisen-holokaustin-muistoa-kunnioittavan-liiton\">https:\/\/www.holocaustremembrance.com\/fi\/re<\/a><\/p>\n\n\n\n<p><a href=\"https:\/\/www.holocaustremembrance.com\/fi\/resources\/working-definitions-charters\/kansainvalisen-holokaustin-muistoa-kunnioittavan-liiton\">sources\/working-definitions-charters\/<\/a><a href=\"https:\/\/www.holocaustremembrance.com\/fi\/resources\/working-definitions-charters\/kansainvalisen-holokaustin-muistoa-kunnioittavan-liiton\">kansainvalisen<\/a><a href=\"https:\/\/www.holocaustremembrance.com\/fi\/resources\/working-definitions-charters\/kansainvalisen-holokaustin-muistoa-kunnioittavan-liiton\">-holokaustin-muistoa-kunnioittavan-liiton<\/a> [viitattu 8.11.2022].<\/p>\n\n\n\n<p>Suurin osa EU-maista, <a href=\"https:\/\/www.holocaustremembrance.com\/resources\/working-definitions-charters\/working-definition-antisemitism\/adoption-endorsement\">my\u00f6s Suomi,<\/a> on IHRA:n j\u00e4senen\u00e4 hyv\u00e4ksynyt mallim\u00e4\u00e4ritelm\u00e4n.<\/p>\n\n\n<figure class=\"wp-block-post-featured-image\"><img fetchpriority=\"high\" decoding=\"async\" width=\"940\" height=\"788\" src=\"https:\/\/www.yaps.fi\/wp-content\/uploads\/2022\/11\/AMNESTY.jpg\" class=\"attachment-post-thumbnail size-post-thumbnail wp-post-image\" alt=\"\" style=\"object-fit:cover;\" srcset=\"https:\/\/www.yaps.fi\/wp-content\/uploads\/2022\/11\/AMNESTY.jpg 940w, https:\/\/www.yaps.fi\/wp-content\/uploads\/2022\/11\/AMNESTY-300x251.jpg 300w, https:\/\/www.yaps.fi\/wp-content\/uploads\/2022\/11\/AMNESTY-768x644.jpg 768w, https:\/\/www.yaps.fi\/wp-content\/uploads\/2022\/11\/AMNESTY-14x12.jpg 14w\" sizes=\"(max-width: 940px) 100vw, 940px\" \/><\/figure>\n\n\n<div data-wp-interactive=\"core\/file\" class=\"wp-block-file\"><object data-wp-bind--hidden=\"!state.hasPdfPreview\" hidden class=\"wp-block-file__embed\" data=\"https:\/\/www.yaps.fi\/wp-content\/uploads\/2022\/11\/Amnesty-Internationalin-raportin-ongelmista-2.pdf\" type=\"application\/pdf\" style=\"width:100%;height:600px\" aria-label=\"Embed of Amnesty-Internationalin-raportin-ongelmista-2.\"><\/object><a id=\"wp-block-file--media-9a63a828-c28e-4cd4-8787-e0da0c700996\" href=\"https:\/\/www.yaps.fi\/wp-content\/uploads\/2022\/11\/Amnesty-Internationalin-raportin-ongelmista-2.pdf\">Amnesty-Internationalin-raportin-ongelmista-2<\/a><a href=\"https:\/\/www.yaps.fi\/wp-content\/uploads\/2022\/11\/Amnesty-Internationalin-raportin-ongelmista-2.pdf\" class=\"wp-block-file__button wp-element-button\" download aria-describedby=\"wp-block-file--media-9a63a828-c28e-4cd4-8787-e0da0c700996\">Lataa<\/a><\/div>\n\n\n<div class=\"taxonomy-post_tag wp-block-post-terms\"><a href=\"https:\/\/www.yaps.fi\/en\/tag\/amnesty-international\/\" rel=\"tag\">Amnesty International<\/a><span class=\"wp-block-post-terms__separator\">, <\/span><a href=\"https:\/\/www.yaps.fi\/en\/tag\/antirasismi\/\" rel=\"tag\">Antirasismi<\/a><span class=\"wp-block-post-terms__separator\">, <\/span><a href=\"https:\/\/www.yaps.fi\/en\/tag\/ihmisoikeudet\/\" rel=\"tag\">Ihmisoikeudet<\/a><span class=\"wp-block-post-terms__separator\">, <\/span><a href=\"https:\/\/www.yaps.fi\/en\/tag\/israel-apartheid\/\" rel=\"tag\">Israel Apartheid<\/a><span class=\"wp-block-post-terms__separator\">, <\/span><a href=\"https:\/\/www.yaps.fi\/en\/tag\/kansalaisjarjestot\/\" rel=\"tag\">kansalaisj\u00e4rjest\u00f6t<\/a><\/div>","protected":false},"excerpt":{"rendered":"<p>Israel&#8217;s Apartheid &#8211; Cruel System of Domination and Crime Against Humanity 9.11.2022 Palestiinalaisten terroritekojen v\u00e4h\u00e4tteleminen ja itsemurhaiskujen h\u00e4ivytt\u00e4minen kuvasta Amnestyn raportti luo kuvaa, ett\u00e4 Israelin toiminta ei ole seurausta aseellisesta konfliktista vaan Israelin tarkoituksellisesta pyrkimyksest\u00e4 harjoittaa rotusortoa. T\u00e4m\u00e4n kuvan muotoutumisessa ratkaisevan t\u00e4rke\u00e4\u00e4 on se, ett\u00e4 280-sivuisessa selonteossa j\u00e4tet\u00e4\u00e4n l\u00e4hes t\u00e4ysin kertomatta palestiinalaisten \u00e4\u00e4rij\u00e4rjest\u00f6jen jatkuvasta terrorista Israelia kohtaan. Esimerkiksi Hamas, eli&#8230;<\/p>","protected":false},"author":4,"featured_media":1047,"comment_status":"closed","ping_status":"open","sticky":false,"template":"","format":"standard","meta":{"footnotes":""},"categories":[1],"tags":[30,27,26,31,32],"class_list":["post-1014","post","type-post","status-publish","format-standard","has-post-thumbnail","hentry","category-uncategorized","tag-amnesty-international","tag-antirasismi","tag-ihmisoikeudet","tag-israel-apartheid","tag-kansalaisjarjestot"],"_links":{"self":[{"href":"https:\/\/www.yaps.fi\/en\/wp-json\/wp\/v2\/posts\/1014","targetHints":{"allow":["GET"]}}],"collection":[{"href":"https:\/\/www.yaps.fi\/en\/wp-json\/wp\/v2\/posts"}],"about":[{"href":"https:\/\/www.yaps.fi\/en\/wp-json\/wp\/v2\/types\/post"}],"author":[{"embeddable":true,"href":"https:\/\/www.yaps.fi\/en\/wp-json\/wp\/v2\/users\/4"}],"replies":[{"embeddable":true,"href":"https:\/\/www.yaps.fi\/en\/wp-json\/wp\/v2\/comments?post=1014"}],"version-history":[{"count":5,"href":"https:\/\/www.yaps.fi\/en\/wp-json\/wp\/v2\/posts\/1014\/revisions"}],"predecessor-version":[{"id":1123,"href":"https:\/\/www.yaps.fi\/en\/wp-json\/wp\/v2\/posts\/1014\/revisions\/1123"}],"wp:featuredmedia":[{"embeddable":true,"href":"https:\/\/www.yaps.fi\/en\/wp-json\/wp\/v2\/media\/1047"}],"wp:attachment":[{"href":"https:\/\/www.yaps.fi\/en\/wp-json\/wp\/v2\/media?parent=1014"}],"wp:term":[{"taxonomy":"category","embeddable":true,"href":"https:\/\/www.yaps.fi\/en\/wp-json\/wp\/v2\/categories?post=1014"},{"taxonomy":"post_tag","embeddable":true,"href":"https:\/\/www.yaps.fi\/en\/wp-json\/wp\/v2\/tags?post=1014"}],"curies":[{"name":"wp","href":"https:\/\/api.w.org\/{rel}","templated":true}]}}