{"id":1213,"date":"2024-09-11T21:21:22","date_gmt":"2024-09-11T19:21:22","guid":{"rendered":"https:\/\/www.yaps.fi\/?p=1213"},"modified":"2024-09-11T21:51:14","modified_gmt":"2024-09-11T19:51:14","slug":"israelin-rinnalla-terroria-vastaan","status":"publish","type":"post","link":"https:\/\/www.yaps.fi\/en\/israelin-rinnalla-terroria-vastaan\/","title":{"rendered":"Israelin rinnalla &#8211; terroria vastaan"},"content":{"rendered":"<h2 class=\"wp-block-heading\">-tukimielenilmaukset eri puolilla Suomea 7.10.2024 klo 16-18 v\u00e4lill\u00e4<\/h2>\n\n\n\n<p>Terrorij\u00e4rjest\u00f6 Hamasin hy\u00f6kk\u00e4yksest\u00e4 ja sen israelilaisissa rajakyliss\u00e4 toimeenpanemasta joukkomurhasta on 7.10.2024 kulunut tasan vuosi. Israel on edelleen kaikilla rajoillaan Iranin tukemien terrorij\u00e4rjest\u00f6jen hy\u00f6kk\u00e4yksen kohteena, ja Hamas pit\u00e4\u00e4 noin sataa israelilaista panttivankeinaan terroriluolissaan. Emme saa unohtaa heit\u00e4!<\/p>\n\n\n\n<h2 class=\"wp-block-heading\">J\u00e4rjest\u00e4 tukitapahtuma omalla paikkakunnallasi!<\/h2>\n\n\n<figure class=\"wp-block-post-featured-image\"><img fetchpriority=\"high\" decoding=\"async\" width=\"1536\" height=\"864\" src=\"https:\/\/www.yaps.fi\/wp-content\/uploads\/2024\/09\/Israelin-rinnalla-terroria-vastaan-7.10.2024-1536x864-1.jpg\" class=\"attachment-post-thumbnail size-post-thumbnail wp-post-image\" alt=\"\" style=\"object-fit:cover;\" srcset=\"https:\/\/www.yaps.fi\/wp-content\/uploads\/2024\/09\/Israelin-rinnalla-terroria-vastaan-7.10.2024-1536x864-1.jpg 1536w, https:\/\/www.yaps.fi\/wp-content\/uploads\/2024\/09\/Israelin-rinnalla-terroria-vastaan-7.10.2024-1536x864-1-300x169.jpg 300w, https:\/\/www.yaps.fi\/wp-content\/uploads\/2024\/09\/Israelin-rinnalla-terroria-vastaan-7.10.2024-1536x864-1-1024x576.jpg 1024w, https:\/\/www.yaps.fi\/wp-content\/uploads\/2024\/09\/Israelin-rinnalla-terroria-vastaan-7.10.2024-1536x864-1-768x432.jpg 768w, https:\/\/www.yaps.fi\/wp-content\/uploads\/2024\/09\/Israelin-rinnalla-terroria-vastaan-7.10.2024-1536x864-1-18x10.jpg 18w\" sizes=\"(max-width: 1536px) 100vw, 1536px\" \/><\/figure>\n\n\n<p>Liity mukaan osoittamaan tukea Israelille, vastustamaan sen rinnalla terroria ja vaatimaan kidnapattujen israelilaisten vapauttamista!<\/p>\n\n\n\n<p>Yhteisten mielenilmausten takana on valtakunnallinen Israel-yst\u00e4vyystoimikunta, johon kuuluu n. 20 Israelin yst\u00e4vyysj\u00e4rjest\u00f6\u00e4. Tapahtuma on tarkoitus toteuttaa samanaikaisesti mahdollisimman monilla paikkakunnilla ymp\u00e4ri Suomea, kuten teimme 29.11.2023, jolloin mukana oli 25 paikkakuntaa. Lue lis\u00e4\u00e4&nbsp;<a href=\"https:\/\/suomi-israel.fi\/juutalaisvaltion-puolesta-29-11\/\" target=\"_blank\" rel=\"noreferrer noopener\">https:\/\/suomi-israel.fi\/juutalaisvaltion-puolesta-29-11\/<\/a>.<\/p>\n\n\n\n<p>Tarkan aloitusajan voi p\u00e4\u00e4tt\u00e4\u00e4 paikkakuntakohtaisesti, mutta olisi toivottavaa, ett\u00e4 se toteutuisi klo 16-18 v\u00e4lill\u00e4, jolloin tapahtuma n\u00e4kyisi mahdollisimman laajasti t\u00f6ist\u00e4\u00e4n palaaville ja\/tai kaupoissa asioiville ihmisille.<\/p>\n\n\n\n<h2 class=\"wp-block-heading\">Mielenilmauksen j\u00e4rjest\u00e4misohjeet:<\/h2>\n\n\n\n<ol class=\"wp-block-list\">\n<li>Selvit\u00e4 alueesi Israel-j\u00e4rjest\u00f6ist\u00e4, onko joku taho jo j\u00e4rjest\u00e4m\u00e4ss\u00e4 tapahtumaa paikkakunnallasi.<\/li>\n\n\n\n<li>Jos kukaan ei viel\u00e4 ole j\u00e4rjest\u00e4m\u00e4ss\u00e4 tapahtumaa, ker\u00e4\u00e4 pieni porukka ja ryhtyk\u00e4\u00e4 toimeen. Tiedottakaa hankkeesta mahdollisimman ajoissa alueen Israelin yst\u00e4ville.<\/li>\n\n\n\n<li>Valitkaa keskeinen paikka, jossa liikkuu mahdollisimman paljon ihmisi\u00e4.<\/li>\n\n\n\n<li>Tehk\u00e4\u00e4 poliisille ilmoitus mielenilmauksesta hyviss\u00e4 ajoin, mutta viimeist\u00e4\u00e4n 24 h ennen tilaisuutta t\u00e4m\u00e4n linkin kautta&nbsp;<a href=\"https:\/\/poliisi.fi\/yleisotilaisuudet\" target=\"_blank\" rel=\"noreferrer noopener\">https:\/\/poliisi.fi\/yleisotilaisuudet.<\/a>&nbsp;Jos olet omistamallasi maalla, poliisi-ilmoitusta ei tarvita.<\/li>\n\n\n\n<li>L\u00e4hett\u00e4k\u00e4\u00e4 tapahtumainfo os.&nbsp;<a href=\"mailto:tapahtumat@suomi-israel.fi\" target=\"_blank\" rel=\"noreferrer noopener\">tapahtumat@suomi-israel.fi<\/a>, niin julkaisemme tapahtumat kootusti erillisell\u00e4 tapahtumasivustolla, joka julkaistaan viim. 15.9. Infon tulee sis\u00e4lt\u00e4\u00e4 seuraavat tiedot:\n<ol class=\"wp-block-list\">\n<li>Kellonaika (esim. klo 16-17:30)<\/li>\n\n\n\n<li>Tapahtumapaikan sijainti (osoite, mahd. maamerkki jne.)<\/li>\n\n\n\n<li>J\u00e4rjest\u00e4j\u00e4t (j\u00e4rjest\u00f6n tai yksityishenkil\u00f6n nimi)<\/li>\n\n\n\n<li>Yhteyshenkil\u00f6t (nimi, puh. ja s\u00e4hk\u00f6posti)<\/li>\n<\/ol>\n<\/li>\n\n\n\n<li>Levitt\u00e4k\u00e4\u00e4 tapahtumasta tietoa alueenne Israelin yst\u00e4ville, seurakunnille, poliitikoille ja medioille.<\/li>\n\n\n\n<li>Tapahtuman sis\u00e4ll\u00f6st\u00e4: Yst\u00e4vyystoimikunta julkaisee ennen tapahtumaa yhteisen julistuksen, joka on tarkoitus lukea kaikissa tapahtumissa. Lis\u00e4ksi voi mukaan ottaa kynttil\u00f6it\u00e4, tehd\u00e4 valonauhoista Daavidin t\u00e4hti\u00e4, pit\u00e4\u00e4 puheita, soittaa ja laulaa heprealaista musiikkia.<\/li>\n\n\n\n<li>Huolehdi riitt\u00e4v\u00e4st\u00e4 \u00e4\u00e4nentoistosta ja hanki vaikka megafoni, ett\u00e4 \u00e4\u00e4nesi kuuluu.<\/li>\n\n\n\n<li>Muista jakaa tapahtumastasi tietoa etu- ja j\u00e4lkik\u00e4teen sosiaalisessa mediassa! Ottakaa kuvia mielenilmauksesta ja l\u00e4hett\u00e4k\u00e4\u00e4 os. info@suomi-israel.fi ja\/tai julkaiskaa&nbsp;<a href=\"https:\/\/www.facebook.com\/groups\/7180911195261554\" target=\"_blank\" rel=\"noreferrer noopener\">Finland Stands With Israel -facebook-ryhm\u00e4ss\u00e4.<\/a><\/li>\n\n\n\n<li>Jos l\u00e4hell\u00e4si ei ole tapahtumaa, voit osallistua mielenilmaukseen vaikka omalta pihaltasi yksin tai yst\u00e4vien kanssa.<\/li>\n\n\n\n<li>Vaikka paikalla olisi pieni joukko ihmisi\u00e4, se liittyy yhteiseen suureen joukkoon ymp\u00e4ri Suomea!<\/li>\n<\/ol>","protected":false},"excerpt":{"rendered":"<p>-tukimielenilmaukset eri puolilla Suomea 7.10.2024 klo 16-18 v\u00e4lill\u00e4 Terrorij\u00e4rjest\u00f6 Hamasin hy\u00f6kk\u00e4yksest\u00e4 ja sen israelilaisissa rajakyliss\u00e4 toimeenpanemasta joukkomurhasta on 7.10.2024 kulunut tasan vuosi. Israel on edelleen kaikilla rajoillaan Iranin tukemien terrorij\u00e4rjest\u00f6jen hy\u00f6kk\u00e4yksen kohteena, ja Hamas pit\u00e4\u00e4 noin sataa israelilaista panttivankeinaan terroriluolissaan. Emme saa unohtaa heit\u00e4! J\u00e4rjest\u00e4 tukitapahtuma omalla paikkakunnallasi! Liity mukaan osoittamaan tukea Israelille, vastustamaan sen rinnalla terroria ja vaatimaan kidnapattujen&#8230;<\/p>","protected":false},"author":4,"featured_media":1214,"comment_status":"closed","ping_status":"open","sticky":false,"template":"","format":"standard","meta":{"footnotes":""},"categories":[79],"tags":[84,85,63,86],"class_list":["post-1213","post","type-post","status-publish","format-standard","has-post-thumbnail","hentry","category-tapahtumat","tag-demonstration","tag-finlandagainstterror","tag-israel-2","tag-7-10-2"],"_links":{"self":[{"href":"https:\/\/www.yaps.fi\/en\/wp-json\/wp\/v2\/posts\/1213","targetHints":{"allow":["GET"]}}],"collection":[{"href":"https:\/\/www.yaps.fi\/en\/wp-json\/wp\/v2\/posts"}],"about":[{"href":"https:\/\/www.yaps.fi\/en\/wp-json\/wp\/v2\/types\/post"}],"author":[{"embeddable":true,"href":"https:\/\/www.yaps.fi\/en\/wp-json\/wp\/v2\/users\/4"}],"replies":[{"embeddable":true,"href":"https:\/\/www.yaps.fi\/en\/wp-json\/wp\/v2\/comments?post=1213"}],"version-history":[{"count":3,"href":"https:\/\/www.yaps.fi\/en\/wp-json\/wp\/v2\/posts\/1213\/revisions"}],"predecessor-version":[{"id":1217,"href":"https:\/\/www.yaps.fi\/en\/wp-json\/wp\/v2\/posts\/1213\/revisions\/1217"}],"wp:featuredmedia":[{"embeddable":true,"href":"https:\/\/www.yaps.fi\/en\/wp-json\/wp\/v2\/media\/1214"}],"wp:attachment":[{"href":"https:\/\/www.yaps.fi\/en\/wp-json\/wp\/v2\/media?parent=1213"}],"wp:term":[{"taxonomy":"category","embeddable":true,"href":"https:\/\/www.yaps.fi\/en\/wp-json\/wp\/v2\/categories?post=1213"},{"taxonomy":"post_tag","embeddable":true,"href":"https:\/\/www.yaps.fi\/en\/wp-json\/wp\/v2\/tags?post=1213"}],"curies":[{"name":"wp","href":"https:\/\/api.w.org\/{rel}","templated":true}]}}