{"id":1267,"date":"2026-04-26T14:08:03","date_gmt":"2026-04-26T12:08:03","guid":{"rendered":"https:\/\/www.yaps.fi\/?p=1267"},"modified":"2026-04-26T14:08:03","modified_gmt":"2026-04-26T12:08:03","slug":"elaman-marssi-helsingissa-24-5-2026","status":"publish","type":"post","link":"https:\/\/www.yaps.fi\/en\/elaman-marssi-helsingissa-24-5-2026\/","title":{"rendered":"El\u00e4m\u00e4n marssi Helsingiss\u00e4 24.5.2026"},"content":{"rendered":"<p>Juutalaisen el\u00e4m\u00e4n puolesta ja Israel-vihamielisyytt\u00e4 vastaan<br>Kokoontuminen klo 14:30 Eduskuntatalolla<br>Klo 15 Marssi Senaatintorille<br>Klo 15:30 Juutalaisen kulttuurin festivaali Senaatintorilla<\/p>\n\n\n\n<figure class=\"wp-block-image size-full is-resized\"><a href=\"https:\/\/www.yaps.fi\/wp-content\/uploads\/2026\/04\/Screenshot-2026-04-26-150137.png\"><img fetchpriority=\"high\" decoding=\"async\" width=\"612\" height=\"862\" src=\"https:\/\/www.yaps.fi\/wp-content\/uploads\/2026\/04\/Screenshot-2026-04-26-150137.png\" alt=\"\" class=\"wp-image-1268\" style=\"aspect-ratio:0.7099715409574564;width:612px;height:auto\" srcset=\"https:\/\/www.yaps.fi\/wp-content\/uploads\/2026\/04\/Screenshot-2026-04-26-150137.png 612w, https:\/\/www.yaps.fi\/wp-content\/uploads\/2026\/04\/Screenshot-2026-04-26-150137-213x300.png 213w, https:\/\/www.yaps.fi\/wp-content\/uploads\/2026\/04\/Screenshot-2026-04-26-150137-9x12.png 9w\" sizes=\"(max-width: 612px) 100vw, 612px\" \/><\/a><\/figure>\n\n\n\n<figure class=\"wp-block-image size-full\"><a href=\"https:\/\/www.yaps.fi\/wp-content\/uploads\/2026\/04\/Screenshot-2026-04-26-150157.png\"><img decoding=\"async\" width=\"613\" height=\"865\" src=\"https:\/\/www.yaps.fi\/wp-content\/uploads\/2026\/04\/Screenshot-2026-04-26-150157.png\" alt=\"\" class=\"wp-image-1269\" srcset=\"https:\/\/www.yaps.fi\/wp-content\/uploads\/2026\/04\/Screenshot-2026-04-26-150157.png 613w, https:\/\/www.yaps.fi\/wp-content\/uploads\/2026\/04\/Screenshot-2026-04-26-150157-213x300.png 213w, https:\/\/www.yaps.fi\/wp-content\/uploads\/2026\/04\/Screenshot-2026-04-26-150157-9x12.png 9w\" sizes=\"(max-width: 613px) 100vw, 613px\" \/><\/a><\/figure>","protected":false},"excerpt":{"rendered":"<p>Juutalaisen el\u00e4m\u00e4n puolesta ja Israel-vihamielisyytt\u00e4 vastaanKokoontuminen klo 14:30 EduskuntatalollaKlo 15 Marssi SenaatintorilleKlo 15:30 Juutalaisen kulttuurin festivaali Senaatintorilla<\/p>","protected":false},"author":4,"featured_media":0,"comment_status":"closed","ping_status":"open","sticky":false,"template":"","format":"standard","meta":{"footnotes":""},"categories":[79],"tags":[81,93,63,94],"class_list":["post-1267","post","type-post","status-publish","format-standard","hentry","category-tapahtumat","tag-antisemitismi-2","tag-elamanmarssi","tag-israel-2","tag-juutalaisuus"],"_links":{"self":[{"href":"https:\/\/www.yaps.fi\/en\/wp-json\/wp\/v2\/posts\/1267","targetHints":{"allow":["GET"]}}],"collection":[{"href":"https:\/\/www.yaps.fi\/en\/wp-json\/wp\/v2\/posts"}],"about":[{"href":"https:\/\/www.yaps.fi\/en\/wp-json\/wp\/v2\/types\/post"}],"author":[{"embeddable":true,"href":"https:\/\/www.yaps.fi\/en\/wp-json\/wp\/v2\/users\/4"}],"replies":[{"embeddable":true,"href":"https:\/\/www.yaps.fi\/en\/wp-json\/wp\/v2\/comments?post=1267"}],"version-history":[{"count":1,"href":"https:\/\/www.yaps.fi\/en\/wp-json\/wp\/v2\/posts\/1267\/revisions"}],"predecessor-version":[{"id":1270,"href":"https:\/\/www.yaps.fi\/en\/wp-json\/wp\/v2\/posts\/1267\/revisions\/1270"}],"wp:attachment":[{"href":"https:\/\/www.yaps.fi\/en\/wp-json\/wp\/v2\/media?parent=1267"}],"wp:term":[{"taxonomy":"category","embeddable":true,"href":"https:\/\/www.yaps.fi\/en\/wp-json\/wp\/v2\/categories?post=1267"},{"taxonomy":"post_tag","embeddable":true,"href":"https:\/\/www.yaps.fi\/en\/wp-json\/wp\/v2\/tags?post=1267"}],"curies":[{"name":"wp","href":"https:\/\/api.w.org\/{rel}","templated":true}]}}