{"id":889,"date":"2022-03-02T01:09:23","date_gmt":"2022-03-01T23:09:23","guid":{"rendered":"https:\/\/www.yaps.fi\/?p=889"},"modified":"2022-04-30T15:47:10","modified_gmt":"2022-04-30T13:47:10","slug":"israel-amnestyn-hampaissa","status":"publish","type":"post","link":"https:\/\/www.yaps.fi\/en\/israel-amnestyn-hampaissa\/","title":{"rendered":"Israel Amnestyn hampaissa"},"content":{"rendered":"<p><br>Amnesty International julkaisi helmikuussa 2022 raportin, jossa se syytt\u00e4\u00e4 Israelia apartheid-rikoksesta. Amnestyn raportti on kohdannut paljon kritiikki\u00e4, ja mm. Yhdysvaltain, Saksan, Englannin, Tsekin, It\u00e4vallan, Kanadan ja Australian hallinnot ovat tuominneet sen perustettomana. <br><br>Amnestyn raportista keskustelemassa Amnesty Internationalin Suomen osaston toiminnanjohtaja Frank Johansson, YAPS ry:n puheenjohtaja Varpu Haavisto ja Patmos L\u00e4hetyss\u00e4\u00e4ti\u00f6n toiminnanjohtaja Pasi Turunen.<br>Toimittajana Toni Rand\u00e9n. Ohjelma on \u00e4\u00e4nitetty 15.2.2022. \u00a9 Radio Patmos 2022<\/p>\n\n\n\n<figure class=\"wp-block-embed is-type-rich is-provider-upotuksen-kasittelija wp-block-embed-upotuksen-kasittelija\"><div class=\"wp-block-embed__wrapper\">\n<audio class=\"wp-audio-shortcode\" id=\"audio-889-1\" preload=\"none\" style=\"width: 100%;\" controls=\"controls\"><source type=\"audio\/mpeg\" src=\"https:\/\/www.yaps.fi\/wp-content\/uploads\/2022\/02\/Israel-Amestyn-hampaissa-1.mp3?_=1\" \/><a href=\"https:\/\/www.yaps.fi\/wp-content\/uploads\/2022\/02\/Israel-Amestyn-hampaissa-1.mp3\">https:\/\/www.yaps.fi\/wp-content\/uploads\/2022\/02\/Israel-Amestyn-hampaissa-1.mp3<\/a><\/audio>\n<\/div><\/figure>","protected":false},"excerpt":{"rendered":"<p>Amnesty International julkaisi helmikuussa 2022 raportin, jossa se syytt\u00e4\u00e4 Israelia apartheid-rikoksesta. Amnestyn raportti on kohdannut paljon kritiikki\u00e4, ja mm. Yhdysvaltain, Saksan, Englannin, Tsekin, It\u00e4vallan, Kanadan ja Australian hallinnot ovat tuominneet sen perustettomana. Amnestyn raportista keskustelemassa Amnesty Internationalin Suomen osaston toiminnanjohtaja Frank Johansson, YAPS ry:n puheenjohtaja Varpu Haavisto ja Patmos L\u00e4hetyss\u00e4\u00e4ti\u00f6n toiminnanjohtaja Pasi Turunen.Toimittajana Toni Rand\u00e9n. Ohjelma on \u00e4\u00e4nitetty 15.2.2022. \u00a9&#8230;<\/p>","protected":false},"author":4,"featured_media":0,"comment_status":"closed","ping_status":"open","sticky":false,"template":"","format":"standard","meta":{"footnotes":""},"categories":[1],"tags":[30,29,24],"class_list":["post-889","post","type-post","status-publish","format-standard","hentry","category-uncategorized","tag-amnesty-international","tag-apartheid","tag-israel"],"_links":{"self":[{"href":"https:\/\/www.yaps.fi\/en\/wp-json\/wp\/v2\/posts\/889","targetHints":{"allow":["GET"]}}],"collection":[{"href":"https:\/\/www.yaps.fi\/en\/wp-json\/wp\/v2\/posts"}],"about":[{"href":"https:\/\/www.yaps.fi\/en\/wp-json\/wp\/v2\/types\/post"}],"author":[{"embeddable":true,"href":"https:\/\/www.yaps.fi\/en\/wp-json\/wp\/v2\/users\/4"}],"replies":[{"embeddable":true,"href":"https:\/\/www.yaps.fi\/en\/wp-json\/wp\/v2\/comments?post=889"}],"version-history":[{"count":2,"href":"https:\/\/www.yaps.fi\/en\/wp-json\/wp\/v2\/posts\/889\/revisions"}],"predecessor-version":[{"id":891,"href":"https:\/\/www.yaps.fi\/en\/wp-json\/wp\/v2\/posts\/889\/revisions\/891"}],"wp:attachment":[{"href":"https:\/\/www.yaps.fi\/en\/wp-json\/wp\/v2\/media?parent=889"}],"wp:term":[{"taxonomy":"category","embeddable":true,"href":"https:\/\/www.yaps.fi\/en\/wp-json\/wp\/v2\/categories?post=889"},{"taxonomy":"post_tag","embeddable":true,"href":"https:\/\/www.yaps.fi\/en\/wp-json\/wp\/v2\/tags?post=889"}],"curies":[{"name":"wp","href":"https:\/\/api.w.org\/{rel}","templated":true}]}}