{"id":975,"date":"2022-05-26T16:59:04","date_gmt":"2022-05-26T14:59:04","guid":{"rendered":"https:\/\/www.yaps.fi\/?p=975"},"modified":"2022-05-26T16:59:04","modified_gmt":"2022-05-26T14:59:04","slug":"apartheid-valhe-ihmisoikeusjarjestot-hukassa-lahi-idassa-apartheid-lie-human-rights-ngos-lost-in-the-middle-east","status":"publish","type":"post","link":"https:\/\/www.yaps.fi\/en\/apartheid-valhe-ihmisoikeusjarjestot-hukassa-lahi-idassa-apartheid-lie-human-rights-ngos-lost-in-the-middle-east\/","title":{"rendered":"Apartheid-valhe &#8211; ihmisoikeusj\u00e4rjest\u00f6t hukassa L\u00e4hi-id\u00e4ss\u00e4 Apartheid Lie\/Human Rights NGOs Lost in the Middle East"},"content":{"rendered":"<p>Helmikuussa 2022 Amnesty International julkaisi raportin, jossa se syytt\u00e4\u00e4 Israelia apartheid-valtioksi. Ohjelmassa keskustellaan israelilaisten asiantuntijoiden kanssa Amnestyn raportin v\u00e4itteist\u00e4.<\/p>\n\n\n\n<figure class=\"wp-block-embed is-type-video is-provider-youtube wp-block-embed-youtube wp-embed-aspect-16-9 wp-has-aspect-ratio\"><div class=\"wp-block-embed__wrapper\">\n<iframe title=\"La\u0308hi ita\u0308 murroksessa: Apartheid-valhe - ihmisoikeusj\u00e4rjest\u00f6t hukassa L\u00e4hi-id\u00e4ss\u00e4, OSA 1\" width=\"640\" height=\"360\" src=\"https:\/\/www.youtube.com\/embed\/r2tq6ulnjM4?start=19&#038;feature=oembed\" frameborder=\"0\" allow=\"accelerometer; autoplay; clipboard-write; encrypted-media; gyroscope; picture-in-picture; web-share\" referrerpolicy=\"strict-origin-when-cross-origin\" allowfullscreen><\/iframe>\n<\/div><\/figure>\n\n\n<figure class=\"wp-block-post-featured-image\"><img fetchpriority=\"high\" decoding=\"async\" width=\"940\" height=\"788\" src=\"https:\/\/www.yaps.fi\/wp-content\/uploads\/2022\/05\/Apartheid-webinaarin-mainos.png\" class=\"attachment-post-thumbnail size-post-thumbnail wp-post-image\" alt=\"\" style=\"object-fit:cover;\" srcset=\"https:\/\/www.yaps.fi\/wp-content\/uploads\/2022\/05\/Apartheid-webinaarin-mainos.png 940w, https:\/\/www.yaps.fi\/wp-content\/uploads\/2022\/05\/Apartheid-webinaarin-mainos-300x251.png 300w, https:\/\/www.yaps.fi\/wp-content\/uploads\/2022\/05\/Apartheid-webinaarin-mainos-768x644.png 768w, https:\/\/www.yaps.fi\/wp-content\/uploads\/2022\/05\/Apartheid-webinaarin-mainos-14x12.png 14w\" sizes=\"(max-width: 940px) 100vw, 940px\" \/><\/figure>","protected":false},"excerpt":{"rendered":"<p>Helmikuussa 2022 Amnesty International julkaisi raportin, jossa se syytt\u00e4\u00e4 Israelia apartheid-valtioksi. Ohjelmassa keskustellaan israelilaisten asiantuntijoiden kanssa Amnestyn raportin v\u00e4itteist\u00e4.<\/p>","protected":false},"author":4,"featured_media":977,"comment_status":"closed","ping_status":"open","sticky":false,"template":"","format":"standard","meta":{"footnotes":""},"categories":[1],"tags":[40,30,29,38,24,31,41,39],"class_list":["post-975","post","type-post","status-publish","format-standard","has-post-thumbnail","hentry","category-uncategorized","tag-amnesty","tag-amnesty-international","tag-apartheid","tag-human-rights","tag-israel","tag-israel-apartheid","tag-middle-east","tag-palestinians"],"_links":{"self":[{"href":"https:\/\/www.yaps.fi\/en\/wp-json\/wp\/v2\/posts\/975","targetHints":{"allow":["GET"]}}],"collection":[{"href":"https:\/\/www.yaps.fi\/en\/wp-json\/wp\/v2\/posts"}],"about":[{"href":"https:\/\/www.yaps.fi\/en\/wp-json\/wp\/v2\/types\/post"}],"author":[{"embeddable":true,"href":"https:\/\/www.yaps.fi\/en\/wp-json\/wp\/v2\/users\/4"}],"replies":[{"embeddable":true,"href":"https:\/\/www.yaps.fi\/en\/wp-json\/wp\/v2\/comments?post=975"}],"version-history":[{"count":1,"href":"https:\/\/www.yaps.fi\/en\/wp-json\/wp\/v2\/posts\/975\/revisions"}],"predecessor-version":[{"id":978,"href":"https:\/\/www.yaps.fi\/en\/wp-json\/wp\/v2\/posts\/975\/revisions\/978"}],"wp:featuredmedia":[{"embeddable":true,"href":"https:\/\/www.yaps.fi\/en\/wp-json\/wp\/v2\/media\/977"}],"wp:attachment":[{"href":"https:\/\/www.yaps.fi\/en\/wp-json\/wp\/v2\/media?parent=975"}],"wp:term":[{"taxonomy":"category","embeddable":true,"href":"https:\/\/www.yaps.fi\/en\/wp-json\/wp\/v2\/categories?post=975"},{"taxonomy":"post_tag","embeddable":true,"href":"https:\/\/www.yaps.fi\/en\/wp-json\/wp\/v2\/tags?post=975"}],"curies":[{"name":"wp","href":"https:\/\/api.w.org\/{rel}","templated":true}]}}